
{"id":103137,"date":"2022-07-04T09:42:37","date_gmt":"2022-07-04T12:42:37","guid":{"rendered":"https:\/\/www.sudoestehoje.com.br\/novoportal\/?p=103137"},"modified":"2022-07-04T09:43:00","modified_gmt":"2022-07-04T12:43:00","slug":"regiao-escritos-de-maiquinique-participa-da-bienal-internacional-do-livro-em-sao-paulo","status":"publish","type":"post","link":"https:\/\/www.sudoestehoje.com.br\/novoportal\/2022\/07\/04\/regiao-escritos-de-maiquinique-participa-da-bienal-internacional-do-livro-em-sao-paulo\/","title":{"rendered":"REGI\u00c3O | ESCRITOR DE MAIQUINIQUE PARTICIPA DA BIENAL INTERNACIONAL DO LIVRO EM S\u00c3O PAULO"},"content":{"rendered":"<p><a href=\"https:\/\/www.sudoestehoje.com.br\/novoportal\/wp-content\/uploads\/2022\/07\/WhatsApp-Image-2022-07-04-at-09.37.28.jpeg\"><img loading=\"lazy\" decoding=\"async\" class=\"aligncenter size-medium wp-image-103140\" src=\"https:\/\/www.sudoestehoje.com.br\/novoportal\/wp-content\/uploads\/2022\/07\/WhatsApp-Image-2022-07-04-at-09.37.28-500x418.jpeg\" alt=\"\" width=\"500\" height=\"418\" srcset=\"https:\/\/www.sudoestehoje.com.br\/novoportal\/wp-content\/uploads\/2022\/07\/WhatsApp-Image-2022-07-04-at-09.37.28-500x418.jpeg 500w, https:\/\/www.sudoestehoje.com.br\/novoportal\/wp-content\/uploads\/2022\/07\/WhatsApp-Image-2022-07-04-at-09.37.28-700x585.jpeg 700w, https:\/\/www.sudoestehoje.com.br\/novoportal\/wp-content\/uploads\/2022\/07\/WhatsApp-Image-2022-07-04-at-09.37.28-768x641.jpeg 768w, https:\/\/www.sudoestehoje.com.br\/novoportal\/wp-content\/uploads\/2022\/07\/WhatsApp-Image-2022-07-04-at-09.37.28.jpeg 1080w\" sizes=\"auto, (max-width: 500px) 100vw, 500px\" \/><\/a><\/p>\n<p>Est\u00e1 chegando o grande dia! A cidade de Maiquinique, no M\u00e9dio Sudoeste da Bahia, participa pela primeira vez na Bienal Internacional do Livro, em S\u00e3o Paulo, com a obra do escritor Andr\u00e9 Santos Silva , &#8220;Mem\u00f3rias e Poesia&#8221;, colocando o nome da sua cidade na hist\u00f3ria da literatura brasileira.<\/p>\n<p><a href=\"https:\/\/www.sudoestehoje.com.br\/novoportal\/wp-content\/uploads\/2022\/07\/WhatsApp-Image-2022-07-04-at-09.36.40.jpeg\"><img loading=\"lazy\" decoding=\"async\" class=\"aligncenter size-medium wp-image-103139\" src=\"https:\/\/www.sudoestehoje.com.br\/novoportal\/wp-content\/uploads\/2022\/07\/WhatsApp-Image-2022-07-04-at-09.36.40-500x503.jpeg\" alt=\"\" width=\"500\" height=\"503\" srcset=\"https:\/\/www.sudoestehoje.com.br\/novoportal\/wp-content\/uploads\/2022\/07\/WhatsApp-Image-2022-07-04-at-09.36.40-500x503.jpeg 500w, https:\/\/www.sudoestehoje.com.br\/novoportal\/wp-content\/uploads\/2022\/07\/WhatsApp-Image-2022-07-04-at-09.36.40-700x704.jpeg 700w, https:\/\/www.sudoestehoje.com.br\/novoportal\/wp-content\/uploads\/2022\/07\/WhatsApp-Image-2022-07-04-at-09.36.40-150x150.jpeg 150w, https:\/\/www.sudoestehoje.com.br\/novoportal\/wp-content\/uploads\/2022\/07\/WhatsApp-Image-2022-07-04-at-09.36.40-768x772.jpeg 768w, https:\/\/www.sudoestehoje.com.br\/novoportal\/wp-content\/uploads\/2022\/07\/WhatsApp-Image-2022-07-04-at-09.36.40.jpeg 1080w\" sizes=\"auto, (max-width: 500px) 100vw, 500px\" \/><\/a><\/p>\n<p>Atrav\u00e9s da redes sociais, o autor fez um belo relato que sensibilizou os amantes da poesia e literatura. Confira:<\/p>\n<p><a href=\"https:\/\/www.sudoestehoje.com.br\/novoportal\/wp-content\/uploads\/2022\/07\/WhatsApp-Image-2022-07-03-at-21.27.58.jpeg\"><img loading=\"lazy\" decoding=\"async\" class=\"aligncenter size-medium wp-image-103141\" src=\"https:\/\/www.sudoestehoje.com.br\/novoportal\/wp-content\/uploads\/2022\/07\/WhatsApp-Image-2022-07-03-at-21.27.58-500x227.jpeg\" alt=\"\" width=\"500\" height=\"227\" srcset=\"https:\/\/www.sudoestehoje.com.br\/novoportal\/wp-content\/uploads\/2022\/07\/WhatsApp-Image-2022-07-03-at-21.27.58-500x227.jpeg 500w, https:\/\/www.sudoestehoje.com.br\/novoportal\/wp-content\/uploads\/2022\/07\/WhatsApp-Image-2022-07-03-at-21.27.58-700x318.jpeg 700w, https:\/\/www.sudoestehoje.com.br\/novoportal\/wp-content\/uploads\/2022\/07\/WhatsApp-Image-2022-07-03-at-21.27.58-768x349.jpeg 768w, https:\/\/www.sudoestehoje.com.br\/novoportal\/wp-content\/uploads\/2022\/07\/WhatsApp-Image-2022-07-03-at-21.27.58.jpeg 1080w\" sizes=\"auto, (max-width: 500px) 100vw, 500px\" \/><\/a><\/p>\n<p>&nbsp;<\/p>\n<p>Alex Coelho e Priscila Brito desejam sucesso na sua trajet\u00f3ria! Voc\u00ea \u00e9 brilhante!!!<\/p>\n<p><strong><em>Reda\u00e7\u00e3o SH<\/em><\/strong><\/p>\n","protected":false},"excerpt":{"rendered":"<p>Est\u00e1 chegando o grande dia! A cidade de Maiquinique, no M\u00e9dio Sudoeste da Bahia, participa pela primeira vez na Bienal Internacional do Livro, em S\u00e3o Paulo, com a obra do escritor Andr\u00e9 Santos Silva , &#8220;Mem\u00f3rias e Poesia&#8221;, colocando o nome da sua cidade na hist\u00f3ria da literatura brasileira. Atrav\u00e9s da redes sociais, o autor [&hellip;]<\/p>\n","protected":false},"author":2,"featured_media":103140,"comment_status":"open","ping_status":"open","sticky":false,"template":"","format":"standard","meta":{"footnotes":"","_links_to":"","_links_to_target":""},"categories":[1],"tags":[],"class_list":["post-103137","post","type-post","status-publish","format-standard","has-post-thumbnail","hentry","category-geral"],"views":1419,"_links":{"self":[{"href":"https:\/\/www.sudoestehoje.com.br\/novoportal\/wp-json\/wp\/v2\/posts\/103137","targetHints":{"allow":["GET"]}}],"collection":[{"href":"https:\/\/www.sudoestehoje.com.br\/novoportal\/wp-json\/wp\/v2\/posts"}],"about":[{"href":"https:\/\/www.sudoestehoje.com.br\/novoportal\/wp-json\/wp\/v2\/types\/post"}],"author":[{"embeddable":true,"href":"https:\/\/www.sudoestehoje.com.br\/novoportal\/wp-json\/wp\/v2\/users\/2"}],"replies":[{"embeddable":true,"href":"https:\/\/www.sudoestehoje.com.br\/novoportal\/wp-json\/wp\/v2\/comments?post=103137"}],"version-history":[{"count":3,"href":"https:\/\/www.sudoestehoje.com.br\/novoportal\/wp-json\/wp\/v2\/posts\/103137\/revisions"}],"predecessor-version":[{"id":103143,"href":"https:\/\/www.sudoestehoje.com.br\/novoportal\/wp-json\/wp\/v2\/posts\/103137\/revisions\/103143"}],"wp:featuredmedia":[{"embeddable":true,"href":"https:\/\/www.sudoestehoje.com.br\/novoportal\/wp-json\/wp\/v2\/media\/103140"}],"wp:attachment":[{"href":"https:\/\/www.sudoestehoje.com.br\/novoportal\/wp-json\/wp\/v2\/media?parent=103137"}],"wp:term":[{"taxonomy":"category","embeddable":true,"href":"https:\/\/www.sudoestehoje.com.br\/novoportal\/wp-json\/wp\/v2\/categories?post=103137"},{"taxonomy":"post_tag","embeddable":true,"href":"https:\/\/www.sudoestehoje.com.br\/novoportal\/wp-json\/wp\/v2\/tags?post=103137"}],"curies":[{"name":"wp","href":"https:\/\/api.w.org\/{rel}","templated":true}]}}