
{"id":103133,"date":"2022-07-03T21:00:39","date_gmt":"2022-07-04T00:00:39","guid":{"rendered":"https:\/\/www.sudoestehoje.com.br\/novoportal\/?p=103133"},"modified":"2022-07-03T21:00:39","modified_gmt":"2022-07-04T00:00:39","slug":"brasil-registra-78-casos-confirmados-de-variola-dos-macacos","status":"publish","type":"post","link":"https:\/\/www.sudoestehoje.com.br\/novoportal\/2022\/07\/03\/brasil-registra-78-casos-confirmados-de-variola-dos-macacos\/","title":{"rendered":"BRASIL REGISTRA 78 CASOS CONFIRMADOS DE VAR\u00cdOLA DOS MACACOS"},"content":{"rendered":"<p><a href=\"https:\/\/www.sudoestehoje.com.br\/novoportal\/wp-content\/uploads\/2022\/07\/variola-dos-macacos-variola-monkeypox-1655155675375_v2_900x506.jpg\"><img loading=\"lazy\" decoding=\"async\" class=\"aligncenter size-medium wp-image-103134\" src=\"https:\/\/www.sudoestehoje.com.br\/novoportal\/wp-content\/uploads\/2022\/07\/variola-dos-macacos-variola-monkeypox-1655155675375_v2_900x506-500x281.jpg\" alt=\"\" width=\"500\" height=\"281\" srcset=\"https:\/\/www.sudoestehoje.com.br\/novoportal\/wp-content\/uploads\/2022\/07\/variola-dos-macacos-variola-monkeypox-1655155675375_v2_900x506-500x281.jpg 500w, https:\/\/www.sudoestehoje.com.br\/novoportal\/wp-content\/uploads\/2022\/07\/variola-dos-macacos-variola-monkeypox-1655155675375_v2_900x506-700x394.jpg 700w, https:\/\/www.sudoestehoje.com.br\/novoportal\/wp-content\/uploads\/2022\/07\/variola-dos-macacos-variola-monkeypox-1655155675375_v2_900x506-768x432.jpg 768w, https:\/\/www.sudoestehoje.com.br\/novoportal\/wp-content\/uploads\/2022\/07\/variola-dos-macacos-variola-monkeypox-1655155675375_v2_900x506.jpg 900w\" sizes=\"auto, (max-width: 500px) 100vw, 500px\" \/><\/a><\/p>\n<p>O Brasil j\u00e1 registrou pelo menos 78 casos de var\u00edola dos macacos, de acordo com levantamento feito pela <strong>CNN<\/strong>\u00a0neste domingo (3). A \u00faltima atualiza\u00e7\u00e3o foi feita \u00e0s 19h36.<\/p>\n<p>S\u00e3o Paulo \u00e9 o estado com o maior n\u00famero de casos confirmados (53). Em seguida est\u00e1 o Rio de Janeiro (16), Rio Grande do Sul (2), Minas Gerais (2), Cear\u00e1 (2), Distrito Federal (1), Paran\u00e1 (1) e Rio Grande do Norte (1). Al\u00e9m disso, o pa\u00eds contabiliza pelo menos 29 casos suspeitos.<\/p>\n<p>J\u00e1 o Minist\u00e9rio da Sa\u00fade informou, neste domingo, que foram registrados 76 casos confirmados da doen\u00e7a. No entanto, ainda n\u00e3o havia sido contabilizado pela pasta o\u00a0<a href=\"https:\/\/www.cnnbrasil.com.br\/nacional\/parana-confirma-primeiro-caso-de-variola-dos-macacos\/\">primeiro caso no confirmado Paran\u00e1<\/a>.<\/p>\n<p>De acordo com a pasta, foram registrados 52 casos em S\u00e3o Paulo, 16 no Rio de Janeiro, dois no Cear\u00e1, dois no Rio Grande do Sul, dois em Minas Gerais, um no Rio Grande do Norte e um no Distrito Federal.<\/p>\n<p>O minist\u00e9rio diz ainda que segue em articula\u00e7\u00e3o direta com os estados para monitoramento dos casos e rastreamento dos contatos dos pacientes.<\/p>\n","protected":false},"excerpt":{"rendered":"<p>O Brasil j\u00e1 registrou pelo menos 78 casos de var\u00edola dos macacos, de acordo com levantamento feito pela CNN\u00a0neste domingo (3). A \u00faltima atualiza\u00e7\u00e3o foi feita \u00e0s 19h36. S\u00e3o Paulo \u00e9 o estado com o maior n\u00famero de casos confirmados (53). Em seguida est\u00e1 o Rio de Janeiro (16), Rio Grande do Sul (2), Minas [&hellip;]<\/p>\n","protected":false},"author":2,"featured_media":103134,"comment_status":"open","ping_status":"open","sticky":false,"template":"","format":"standard","meta":{"footnotes":"","_links_to":"","_links_to_target":""},"categories":[1],"tags":[],"class_list":["post-103133","post","type-post","status-publish","format-standard","has-post-thumbnail","hentry","category-geral"],"views":925,"_links":{"self":[{"href":"https:\/\/www.sudoestehoje.com.br\/novoportal\/wp-json\/wp\/v2\/posts\/103133","targetHints":{"allow":["GET"]}}],"collection":[{"href":"https:\/\/www.sudoestehoje.com.br\/novoportal\/wp-json\/wp\/v2\/posts"}],"about":[{"href":"https:\/\/www.sudoestehoje.com.br\/novoportal\/wp-json\/wp\/v2\/types\/post"}],"author":[{"embeddable":true,"href":"https:\/\/www.sudoestehoje.com.br\/novoportal\/wp-json\/wp\/v2\/users\/2"}],"replies":[{"embeddable":true,"href":"https:\/\/www.sudoestehoje.com.br\/novoportal\/wp-json\/wp\/v2\/comments?post=103133"}],"version-history":[{"count":1,"href":"https:\/\/www.sudoestehoje.com.br\/novoportal\/wp-json\/wp\/v2\/posts\/103133\/revisions"}],"predecessor-version":[{"id":103135,"href":"https:\/\/www.sudoestehoje.com.br\/novoportal\/wp-json\/wp\/v2\/posts\/103133\/revisions\/103135"}],"wp:featuredmedia":[{"embeddable":true,"href":"https:\/\/www.sudoestehoje.com.br\/novoportal\/wp-json\/wp\/v2\/media\/103134"}],"wp:attachment":[{"href":"https:\/\/www.sudoestehoje.com.br\/novoportal\/wp-json\/wp\/v2\/media?parent=103133"}],"wp:term":[{"taxonomy":"category","embeddable":true,"href":"https:\/\/www.sudoestehoje.com.br\/novoportal\/wp-json\/wp\/v2\/categories?post=103133"},{"taxonomy":"post_tag","embeddable":true,"href":"https:\/\/www.sudoestehoje.com.br\/novoportal\/wp-json\/wp\/v2\/tags?post=103133"}],"curies":[{"name":"wp","href":"https:\/\/api.w.org\/{rel}","templated":true}]}}