
{"id":103119,"date":"2022-07-01T19:47:22","date_gmt":"2022-07-01T22:47:22","guid":{"rendered":"https:\/\/www.sudoestehoje.com.br\/novoportal\/?p=103119"},"modified":"2022-07-01T19:48:09","modified_gmt":"2022-07-01T22:48:09","slug":"bahia-registra-mais-de-4-mil-novos-casos-de-covid-19-nas-ultimas-24-horas","status":"publish","type":"post","link":"https:\/\/www.sudoestehoje.com.br\/novoportal\/2022\/07\/01\/bahia-registra-mais-de-4-mil-novos-casos-de-covid-19-nas-ultimas-24-horas\/","title":{"rendered":"BAHIA REGISTRA MAIS DE 4 MIL NOVOS CASOS DE COVID-19 NAS \u00daLTIMAS 24 HORAS"},"content":{"rendered":"<p><a href=\"https:\/\/www.sudoestehoje.com.br\/novoportal\/wp-content\/uploads\/2022\/07\/marcelo-queiroga-testagem-covid_mcamgo_abr_140820211818-5.jpg\"><img loading=\"lazy\" decoding=\"async\" class=\"size-medium wp-image-103122\" src=\"https:\/\/www.sudoestehoje.com.br\/novoportal\/wp-content\/uploads\/2022\/07\/marcelo-queiroga-testagem-covid_mcamgo_abr_140820211818-5-500x299.jpg\" alt=\"\" width=\"500\" height=\"299\" srcset=\"https:\/\/www.sudoestehoje.com.br\/novoportal\/wp-content\/uploads\/2022\/07\/marcelo-queiroga-testagem-covid_mcamgo_abr_140820211818-5-500x299.jpg 500w, https:\/\/www.sudoestehoje.com.br\/novoportal\/wp-content\/uploads\/2022\/07\/marcelo-queiroga-testagem-covid_mcamgo_abr_140820211818-5-700x419.jpg 700w, https:\/\/www.sudoestehoje.com.br\/novoportal\/wp-content\/uploads\/2022\/07\/marcelo-queiroga-testagem-covid_mcamgo_abr_140820211818-5-768x459.jpg 768w, https:\/\/www.sudoestehoje.com.br\/novoportal\/wp-content\/uploads\/2022\/07\/marcelo-queiroga-testagem-covid_mcamgo_abr_140820211818-5.jpg 1170w\" sizes=\"auto, (max-width: 500px) 100vw, 500px\" \/><\/a><\/p>\n<p><strong>A Bahia registrou 4.298 casos de Covid-19 e nove mortes pela doen\u00e7a nas \u00faltimas 24h, segundo o boletim publicado pela Secretaria da Sa\u00fade do estado (Sesab) publicado nesta sexta-feira (1\u00ba). Ao todo, s\u00e3o 11.964 casos ativos em todo o estado.<\/strong><\/p>\n<div class=\"mc-column content-text active-extra-styles \" data-block-type=\"unstyled\" data-block-weight=\"35\" data-block-id=\"4\">\n<p class=\"content-text__container \" data-track-category=\"Link no Texto\" data-track-links=\"\"><strong>De acordo com o \u00f3rg\u00e3o, a taxa de novos casos corresponde a um crescimento de +0,27% em rela\u00e7\u00e3o ao boletim anterior, divulgado na quinta (30), e 2.065 pessoas foram consideradas recuperadas nas \u00faltimas 24 horas.<\/strong><\/p>\n<\/div>\n<div class=\"mc-column content-text active-extra-styles \" data-block-type=\"unstyled\" data-block-weight=\"18\" data-block-id=\"5\">\n<p class=\"content-text__container \" data-track-category=\"Link no Texto\" data-track-links=\"\"><strong>Desde o in\u00edcio da pandemia, a Bahia contabiliza 30.031 mortes causadas pela doen\u00e7a, com 1.576.509 de casos confirmados.<\/strong><\/p>\n<\/div>\n","protected":false},"excerpt":{"rendered":"<p>A Bahia registrou 4.298 casos de Covid-19 e nove mortes pela doen\u00e7a nas \u00faltimas 24h, segundo o boletim publicado pela Secretaria da Sa\u00fade do estado (Sesab) publicado nesta sexta-feira (1\u00ba). Ao todo, s\u00e3o 11.964 casos ativos em todo o estado. De acordo com o \u00f3rg\u00e3o, a taxa de novos casos corresponde a um crescimento de [&hellip;]<\/p>\n","protected":false},"author":2,"featured_media":103122,"comment_status":"open","ping_status":"open","sticky":false,"template":"","format":"standard","meta":{"footnotes":"","_links_to":"","_links_to_target":""},"categories":[1],"tags":[],"class_list":["post-103119","post","type-post","status-publish","format-standard","has-post-thumbnail","hentry","category-geral"],"views":836,"_links":{"self":[{"href":"https:\/\/www.sudoestehoje.com.br\/novoportal\/wp-json\/wp\/v2\/posts\/103119","targetHints":{"allow":["GET"]}}],"collection":[{"href":"https:\/\/www.sudoestehoje.com.br\/novoportal\/wp-json\/wp\/v2\/posts"}],"about":[{"href":"https:\/\/www.sudoestehoje.com.br\/novoportal\/wp-json\/wp\/v2\/types\/post"}],"author":[{"embeddable":true,"href":"https:\/\/www.sudoestehoje.com.br\/novoportal\/wp-json\/wp\/v2\/users\/2"}],"replies":[{"embeddable":true,"href":"https:\/\/www.sudoestehoje.com.br\/novoportal\/wp-json\/wp\/v2\/comments?post=103119"}],"version-history":[{"count":5,"href":"https:\/\/www.sudoestehoje.com.br\/novoportal\/wp-json\/wp\/v2\/posts\/103119\/revisions"}],"predecessor-version":[{"id":103125,"href":"https:\/\/www.sudoestehoje.com.br\/novoportal\/wp-json\/wp\/v2\/posts\/103119\/revisions\/103125"}],"wp:featuredmedia":[{"embeddable":true,"href":"https:\/\/www.sudoestehoje.com.br\/novoportal\/wp-json\/wp\/v2\/media\/103122"}],"wp:attachment":[{"href":"https:\/\/www.sudoestehoje.com.br\/novoportal\/wp-json\/wp\/v2\/media?parent=103119"}],"wp:term":[{"taxonomy":"category","embeddable":true,"href":"https:\/\/www.sudoestehoje.com.br\/novoportal\/wp-json\/wp\/v2\/categories?post=103119"},{"taxonomy":"post_tag","embeddable":true,"href":"https:\/\/www.sudoestehoje.com.br\/novoportal\/wp-json\/wp\/v2\/tags?post=103119"}],"curies":[{"name":"wp","href":"https:\/\/api.w.org\/{rel}","templated":true}]}}