
{"id":103113,"date":"2022-07-01T18:41:02","date_gmt":"2022-07-01T21:41:02","guid":{"rendered":"https:\/\/www.sudoestehoje.com.br\/novoportal\/?p=103113"},"modified":"2022-07-01T19:05:43","modified_gmt":"2022-07-01T22:05:43","slug":"salvador-urgente-atentado-na-estacao-do-metro-deixa-um-morto-e-6-feridos","status":"publish","type":"post","link":"https:\/\/www.sudoestehoje.com.br\/novoportal\/2022\/07\/01\/salvador-urgente-atentado-na-estacao-do-metro-deixa-um-morto-e-6-feridos\/","title":{"rendered":"SALVADOR URGENTE! ATENTADO NA ESTA\u00c7\u00c3O DO METR\u00d4 DEIXA UM MORTO E 7 FERIDOS"},"content":{"rendered":"<p><a href=\"https:\/\/www.sudoestehoje.com.br\/novoportal\/wp-content\/uploads\/2022\/07\/csm_FotoJet__15__8386335d4e.jpg\"><img loading=\"lazy\" decoding=\"async\" class=\"aligncenter size-medium wp-image-103115\" src=\"https:\/\/www.sudoestehoje.com.br\/novoportal\/wp-content\/uploads\/2022\/07\/csm_FotoJet__15__8386335d4e-500x281.jpg\" alt=\"\" width=\"500\" height=\"281\" srcset=\"https:\/\/www.sudoestehoje.com.br\/novoportal\/wp-content\/uploads\/2022\/07\/csm_FotoJet__15__8386335d4e-500x281.jpg 500w, https:\/\/www.sudoestehoje.com.br\/novoportal\/wp-content\/uploads\/2022\/07\/csm_FotoJet__15__8386335d4e-700x394.jpg 700w, https:\/\/www.sudoestehoje.com.br\/novoportal\/wp-content\/uploads\/2022\/07\/csm_FotoJet__15__8386335d4e-768x432.jpg 768w, https:\/\/www.sudoestehoje.com.br\/novoportal\/wp-content\/uploads\/2022\/07\/csm_FotoJet__15__8386335d4e.jpg 940w\" sizes=\"auto, (max-width: 500px) 100vw, 500px\" \/><\/a><\/p>\n<p><strong>Oito pessoas foram baleadas na Esta\u00e7\u00e3o Piraj\u00e1, em Salvador, no fim da tarde desta sexta-feira (1\u00ba).\u00a0Por meio de nota \u00e0 imprensa, a CCR Metr\u00f4 confirmou o epis\u00f3dio\u00a0e disse que est\u00e1 apurando a ocorr\u00eancia de disparo de arma de fogo.\u00a0<\/strong><\/p>\n<p><strong>Ainda segundo o \u00f3rg\u00e3o, as primeiras informa\u00e7\u00f5es indicam que o autor do disparo acessou o terminal de \u00f4nibus atrav\u00e9s da \u00e1rea externa.<\/strong><\/p>\n<p><strong>De acordo com a\u00a0Secretaria de Sa\u00fade de Salvador,\u00a0seis pessoas foram encaminhadas por meios pr\u00f3prios para a UPA Piraj\u00e1\/Santo In\u00e1cio; uma outra v\u00edtima foi levada para a UPA de S\u00e3o Caetano; uma v\u00edtima veio \u00e0 \u00f3bito no local.\u00a0<\/strong><\/p>\n","protected":false},"excerpt":{"rendered":"<p>Oito pessoas foram baleadas na Esta\u00e7\u00e3o Piraj\u00e1, em Salvador, no fim da tarde desta sexta-feira (1\u00ba).\u00a0Por meio de nota \u00e0 imprensa, a CCR Metr\u00f4 confirmou o epis\u00f3dio\u00a0e disse que est\u00e1 apurando a ocorr\u00eancia de disparo de arma de fogo.\u00a0 Ainda segundo o \u00f3rg\u00e3o, as primeiras informa\u00e7\u00f5es indicam que o autor do disparo acessou o terminal [&hellip;]<\/p>\n","protected":false},"author":2,"featured_media":103115,"comment_status":"open","ping_status":"open","sticky":false,"template":"","format":"standard","meta":{"footnotes":"","_links_to":"","_links_to_target":""},"categories":[1],"tags":[],"class_list":["post-103113","post","type-post","status-publish","format-standard","has-post-thumbnail","hentry","category-geral"],"views":1260,"_links":{"self":[{"href":"https:\/\/www.sudoestehoje.com.br\/novoportal\/wp-json\/wp\/v2\/posts\/103113","targetHints":{"allow":["GET"]}}],"collection":[{"href":"https:\/\/www.sudoestehoje.com.br\/novoportal\/wp-json\/wp\/v2\/posts"}],"about":[{"href":"https:\/\/www.sudoestehoje.com.br\/novoportal\/wp-json\/wp\/v2\/types\/post"}],"author":[{"embeddable":true,"href":"https:\/\/www.sudoestehoje.com.br\/novoportal\/wp-json\/wp\/v2\/users\/2"}],"replies":[{"embeddable":true,"href":"https:\/\/www.sudoestehoje.com.br\/novoportal\/wp-json\/wp\/v2\/comments?post=103113"}],"version-history":[{"count":4,"href":"https:\/\/www.sudoestehoje.com.br\/novoportal\/wp-json\/wp\/v2\/posts\/103113\/revisions"}],"predecessor-version":[{"id":103118,"href":"https:\/\/www.sudoestehoje.com.br\/novoportal\/wp-json\/wp\/v2\/posts\/103113\/revisions\/103118"}],"wp:featuredmedia":[{"embeddable":true,"href":"https:\/\/www.sudoestehoje.com.br\/novoportal\/wp-json\/wp\/v2\/media\/103115"}],"wp:attachment":[{"href":"https:\/\/www.sudoestehoje.com.br\/novoportal\/wp-json\/wp\/v2\/media?parent=103113"}],"wp:term":[{"taxonomy":"category","embeddable":true,"href":"https:\/\/www.sudoestehoje.com.br\/novoportal\/wp-json\/wp\/v2\/categories?post=103113"},{"taxonomy":"post_tag","embeddable":true,"href":"https:\/\/www.sudoestehoje.com.br\/novoportal\/wp-json\/wp\/v2\/tags?post=103113"}],"curies":[{"name":"wp","href":"https:\/\/api.w.org\/{rel}","templated":true}]}}