
{"id":103107,"date":"2022-07-01T17:48:18","date_gmt":"2022-07-01T20:48:18","guid":{"rendered":"https:\/\/www.sudoestehoje.com.br\/novoportal\/?p=103107"},"modified":"2022-07-01T17:48:18","modified_gmt":"2022-07-01T20:48:18","slug":"geddel-reaparece-em-evento-de-apoio-a-lula-e-jeronimo-e-dispara-vao-ter-que-me-engolir","status":"publish","type":"post","link":"https:\/\/www.sudoestehoje.com.br\/novoportal\/2022\/07\/01\/geddel-reaparece-em-evento-de-apoio-a-lula-e-jeronimo-e-dispara-vao-ter-que-me-engolir\/","title":{"rendered":"GEDDEL REAPARECE EM EVENTO DE APOIO A LULA E JER\u00d4NIMO E DISPARA: &#8220;V\u00c3O TER QUE ME ENGOLIR&#8221;"},"content":{"rendered":"<p><a href=\"https:\/\/www.sudoestehoje.com.br\/novoportal\/wp-content\/uploads\/2022\/07\/IMAGEM_NOTICIA_5-1.jpg\"><img loading=\"lazy\" decoding=\"async\" class=\"aligncenter  wp-image-103110\" src=\"https:\/\/www.sudoestehoje.com.br\/novoportal\/wp-content\/uploads\/2022\/07\/IMAGEM_NOTICIA_5-1.jpg\" alt=\"\" width=\"501\" height=\"369\" \/><\/a><\/p>\n<p>O ex-ministro Geddel Vieira Lima reapareceu publicamente na manh\u00e3 desta sexta-feira (1\u00ba) durante um evento em Salvador com os pr\u00e9-candidatos do MDB na Bahia.<\/p>\n<p>No encontro, o cacique emedebista fez um discurso e defendeu a chapa encabe\u00e7ada pelo petista Jer\u00f4nimo Rodrigues ao governo estadual. Para ele, Jer\u00f4nimo e Geraldo Jr. ao lado do ex-presidente Lula representam \u201cum caminho de esperan\u00e7a para o povo baiano\u2019.<\/p>\n<p>Em tom de desabafo, Geddel disse ainda que ningu\u00e9m na Bahia e no Brasil ca\u00e7ar\u00e1 sua coragem. <em>\u201cExplorem o que quiser, falem o que quiser, n\u00e3o v\u00e3o ca\u00e7ar minha cidadania. N\u00e3o nasceu ningu\u00e9m na Bahia e no Brasil para ca\u00e7ar minha coragem. Os que quiserem explorar, que explorem. Como diria o velho Zagallo,\u2019v\u00e3o ter que me engolir\u201d<\/em>, disse.<\/p>\n","protected":false},"excerpt":{"rendered":"<p>O ex-ministro Geddel Vieira Lima reapareceu publicamente na manh\u00e3 desta sexta-feira (1\u00ba) durante um evento em Salvador com os pr\u00e9-candidatos do MDB na Bahia. No encontro, o cacique emedebista fez um discurso e defendeu a chapa encabe\u00e7ada pelo petista Jer\u00f4nimo Rodrigues ao governo estadual. Para ele, Jer\u00f4nimo e Geraldo Jr. ao lado do ex-presidente Lula [&hellip;]<\/p>\n","protected":false},"author":2,"featured_media":103110,"comment_status":"open","ping_status":"open","sticky":false,"template":"","format":"standard","meta":{"footnotes":"","_links_to":"","_links_to_target":""},"categories":[1],"tags":[],"class_list":["post-103107","post","type-post","status-publish","format-standard","has-post-thumbnail","hentry","category-geral"],"views":1133,"_links":{"self":[{"href":"https:\/\/www.sudoestehoje.com.br\/novoportal\/wp-json\/wp\/v2\/posts\/103107","targetHints":{"allow":["GET"]}}],"collection":[{"href":"https:\/\/www.sudoestehoje.com.br\/novoportal\/wp-json\/wp\/v2\/posts"}],"about":[{"href":"https:\/\/www.sudoestehoje.com.br\/novoportal\/wp-json\/wp\/v2\/types\/post"}],"author":[{"embeddable":true,"href":"https:\/\/www.sudoestehoje.com.br\/novoportal\/wp-json\/wp\/v2\/users\/2"}],"replies":[{"embeddable":true,"href":"https:\/\/www.sudoestehoje.com.br\/novoportal\/wp-json\/wp\/v2\/comments?post=103107"}],"version-history":[{"count":4,"href":"https:\/\/www.sudoestehoje.com.br\/novoportal\/wp-json\/wp\/v2\/posts\/103107\/revisions"}],"predecessor-version":[{"id":103112,"href":"https:\/\/www.sudoestehoje.com.br\/novoportal\/wp-json\/wp\/v2\/posts\/103107\/revisions\/103112"}],"wp:featuredmedia":[{"embeddable":true,"href":"https:\/\/www.sudoestehoje.com.br\/novoportal\/wp-json\/wp\/v2\/media\/103110"}],"wp:attachment":[{"href":"https:\/\/www.sudoestehoje.com.br\/novoportal\/wp-json\/wp\/v2\/media?parent=103107"}],"wp:term":[{"taxonomy":"category","embeddable":true,"href":"https:\/\/www.sudoestehoje.com.br\/novoportal\/wp-json\/wp\/v2\/categories?post=103107"},{"taxonomy":"post_tag","embeddable":true,"href":"https:\/\/www.sudoestehoje.com.br\/novoportal\/wp-json\/wp\/v2\/tags?post=103107"}],"curies":[{"name":"wp","href":"https:\/\/api.w.org\/{rel}","templated":true}]}}