
{"id":103091,"date":"2022-07-01T08:39:33","date_gmt":"2022-07-01T11:39:33","guid":{"rendered":"https:\/\/www.sudoestehoje.com.br\/novoportal\/?p=103091"},"modified":"2022-07-01T08:41:18","modified_gmt":"2022-07-01T11:41:18","slug":"itororo-fogo-atinge-parte-da-fazenda-de-familiares-do-ator-marcos-palmeira","status":"publish","type":"post","link":"https:\/\/www.sudoestehoje.com.br\/novoportal\/2022\/07\/01\/itororo-fogo-atinge-parte-da-fazenda-de-familiares-do-ator-marcos-palmeira\/","title":{"rendered":"ITOROR\u00d3: FOGO ATINGE PARTE DA FAZENDA DE FAMILIARES DO ATOR MARCOS PALMEIRA"},"content":{"rendered":"<p><a href=\"https:\/\/www.sudoestehoje.com.br\/novoportal\/wp-content\/uploads\/2022\/07\/WhatsApp-Image-2022-07-01-at-08.34.46.jpeg\"><img loading=\"lazy\" decoding=\"async\" class=\"aligncenter size-medium wp-image-103093\" src=\"https:\/\/www.sudoestehoje.com.br\/novoportal\/wp-content\/uploads\/2022\/07\/WhatsApp-Image-2022-07-01-at-08.34.46-500x344.jpeg\" alt=\"\" width=\"500\" height=\"344\" srcset=\"https:\/\/www.sudoestehoje.com.br\/novoportal\/wp-content\/uploads\/2022\/07\/WhatsApp-Image-2022-07-01-at-08.34.46-500x344.jpeg 500w, https:\/\/www.sudoestehoje.com.br\/novoportal\/wp-content\/uploads\/2022\/07\/WhatsApp-Image-2022-07-01-at-08.34.46-700x481.jpeg 700w, https:\/\/www.sudoestehoje.com.br\/novoportal\/wp-content\/uploads\/2022\/07\/WhatsApp-Image-2022-07-01-at-08.34.46-768x528.jpeg 768w, https:\/\/www.sudoestehoje.com.br\/novoportal\/wp-content\/uploads\/2022\/07\/WhatsApp-Image-2022-07-01-at-08.34.46.jpeg 938w\" sizes=\"auto, (max-width: 500px) 100vw, 500px\" \/><\/a><\/p>\n<p>Um inc\u00eandio atingiu uma \u00e1rea da fazenda de familiares do ator Marcos Palmeira, em Itoror\u00f3, no Sudoeste baiano, no final da tarde desta quinta-feira (30). A Fazenda Cabana da Ponte abriga uma f\u00e1brica de queijos org\u00e2nicos de b\u00fafala, denominada de Palmeira Latic\u00ednios. Segundo o G1, as chamas tiveram in\u00edcio por volta das 17h30.<\/p>\n<p>O gerente da fazenda, M\u00e1rio Elmo, informou que o fogo foi provocado pela queima de lixo feita por vizinhos da propriedade. O gerente disse que vai procurar a delegacia de Itoror\u00f3 nesta sexta-feira (1\u00b0) para registrar ocorr\u00eancia.<\/p>\n<p>M\u00e1rio Elmo afirmou ainda que na semana passada houve um princ\u00edpio de inc\u00eandio em decorr\u00eancia do mesmo problema. O ator Marcos Palmeira\u00a0interpreta atualmente o personagem Z\u00e9 Le\u00f4ncio, na novela Pantanal, da TV Globo. Mesmo com o fogo, n\u00e3o houve preju\u00edzos \u00e0 propriedade.<\/p>\n","protected":false},"excerpt":{"rendered":"<p>Um inc\u00eandio atingiu uma \u00e1rea da fazenda de familiares do ator Marcos Palmeira, em Itoror\u00f3, no Sudoeste baiano, no final da tarde desta quinta-feira (30). A Fazenda Cabana da Ponte abriga uma f\u00e1brica de queijos org\u00e2nicos de b\u00fafala, denominada de Palmeira Latic\u00ednios. Segundo o G1, as chamas tiveram in\u00edcio por volta das 17h30. O gerente [&hellip;]<\/p>\n","protected":false},"author":2,"featured_media":103093,"comment_status":"open","ping_status":"open","sticky":false,"template":"","format":"standard","meta":{"footnotes":"","_links_to":"","_links_to_target":""},"categories":[1],"tags":[],"class_list":["post-103091","post","type-post","status-publish","format-standard","has-post-thumbnail","hentry","category-geral"],"views":1302,"_links":{"self":[{"href":"https:\/\/www.sudoestehoje.com.br\/novoportal\/wp-json\/wp\/v2\/posts\/103091","targetHints":{"allow":["GET"]}}],"collection":[{"href":"https:\/\/www.sudoestehoje.com.br\/novoportal\/wp-json\/wp\/v2\/posts"}],"about":[{"href":"https:\/\/www.sudoestehoje.com.br\/novoportal\/wp-json\/wp\/v2\/types\/post"}],"author":[{"embeddable":true,"href":"https:\/\/www.sudoestehoje.com.br\/novoportal\/wp-json\/wp\/v2\/users\/2"}],"replies":[{"embeddable":true,"href":"https:\/\/www.sudoestehoje.com.br\/novoportal\/wp-json\/wp\/v2\/comments?post=103091"}],"version-history":[{"count":2,"href":"https:\/\/www.sudoestehoje.com.br\/novoportal\/wp-json\/wp\/v2\/posts\/103091\/revisions"}],"predecessor-version":[{"id":103094,"href":"https:\/\/www.sudoestehoje.com.br\/novoportal\/wp-json\/wp\/v2\/posts\/103091\/revisions\/103094"}],"wp:featuredmedia":[{"embeddable":true,"href":"https:\/\/www.sudoestehoje.com.br\/novoportal\/wp-json\/wp\/v2\/media\/103093"}],"wp:attachment":[{"href":"https:\/\/www.sudoestehoje.com.br\/novoportal\/wp-json\/wp\/v2\/media?parent=103091"}],"wp:term":[{"taxonomy":"category","embeddable":true,"href":"https:\/\/www.sudoestehoje.com.br\/novoportal\/wp-json\/wp\/v2\/categories?post=103091"},{"taxonomy":"post_tag","embeddable":true,"href":"https:\/\/www.sudoestehoje.com.br\/novoportal\/wp-json\/wp\/v2\/tags?post=103091"}],"curies":[{"name":"wp","href":"https:\/\/api.w.org\/{rel}","templated":true}]}}