
{"id":103080,"date":"2022-06-30T09:01:25","date_gmt":"2022-06-30T12:01:25","guid":{"rendered":"https:\/\/www.sudoestehoje.com.br\/novoportal\/?p=103080"},"modified":"2022-06-30T11:59:26","modified_gmt":"2022-06-30T14:59:26","slug":"gas-de-cozinha-fica-mais-caro-neste-sexta","status":"publish","type":"post","link":"https:\/\/www.sudoestehoje.com.br\/novoportal\/2022\/06\/30\/gas-de-cozinha-fica-mais-caro-neste-sexta\/","title":{"rendered":"G\u00c1S DE COZINHA FICA MAIS CARO NESTE SEXTA"},"content":{"rendered":"<p><a href=\"https:\/\/www.sudoestehoje.com.br\/novoportal\/wp-content\/uploads\/2022\/06\/csm_gas_cozinha_marina_silva_correio_3d7a77d463-1.jpg\"><img loading=\"lazy\" decoding=\"async\" class=\"aligncenter size-medium wp-image-103082\" src=\"https:\/\/www.sudoestehoje.com.br\/novoportal\/wp-content\/uploads\/2022\/06\/csm_gas_cozinha_marina_silva_correio_3d7a77d463-1-500x311.jpg\" alt=\"\" width=\"500\" height=\"311\" srcset=\"https:\/\/www.sudoestehoje.com.br\/novoportal\/wp-content\/uploads\/2022\/06\/csm_gas_cozinha_marina_silva_correio_3d7a77d463-1-500x311.jpg 500w, https:\/\/www.sudoestehoje.com.br\/novoportal\/wp-content\/uploads\/2022\/06\/csm_gas_cozinha_marina_silva_correio_3d7a77d463-1-700x436.jpg 700w, https:\/\/www.sudoestehoje.com.br\/novoportal\/wp-content\/uploads\/2022\/06\/csm_gas_cozinha_marina_silva_correio_3d7a77d463-1-768x478.jpg 768w, https:\/\/www.sudoestehoje.com.br\/novoportal\/wp-content\/uploads\/2022\/06\/csm_gas_cozinha_marina_silva_correio_3d7a77d463-1.jpg 940w\" sizes=\"auto, (max-width: 500px) 100vw, 500px\" \/><\/a><\/p>\n<p>Julho j\u00e1 come\u00e7a com uma p\u00e9ssima not\u00edcia para os baianos. O g\u00e1s de cozinha vai ficar mais caro no estado a partir desta sexta-feira (1\u00ba). Segundo o Sindicato de Revendedores (Sindrevg\u00e1s) o pre\u00e7o para as distribuidoras foi reajustado em R$ 4,90 e o repasse para o consumidor ficar\u00e1 entre R$ 5 e R$ 7.<\/p>\n<p>A medida faz valer a pol\u00edtica da Acelen , empresa que controla a refinaria Mataripe (ex-RLAM), de que no dia 1\u00b0 de cada m\u00eas ir\u00e1 rever os pre\u00e7os praticados, podendo haver aumento ou diminui\u00e7\u00e3o no valor do produto. De acordo com a TV Bahia, a Acelen n\u00e3o afirmou o aumento, por\u00e9m, segundo o sindicato, a informa\u00e7\u00e3o j\u00e1 foi passada para as revendedoras.<\/p>\n<p>Segundo o levantamento semanal da Ag\u00eancia Nacional de Petr\u00f3leo (ANP), entre os dias 19 e 25 de junho, o pre\u00e7o m\u00e9dio do botij\u00e3o vendido na Bahia era de R$ 105,78. O valor mais caro do produto no estado foi de R$ 130,00 e o mais barato foi encontrado por R$ 90,00.<\/p>\n<p>Este j\u00e1 \u00e9 o quarto reajuste no pre\u00e7o do produto somente em 2022. A \u00faltima altera\u00e7\u00e3o aconteceu no in\u00edcio de maio, quando ao contr\u00e1rio das outras vezes, o botij\u00e3o ficou 10,7% mais barato.<\/p>\n","protected":false},"excerpt":{"rendered":"<p>Julho j\u00e1 come\u00e7a com uma p\u00e9ssima not\u00edcia para os baianos. O g\u00e1s de cozinha vai ficar mais caro no estado a partir desta sexta-feira (1\u00ba). Segundo o Sindicato de Revendedores (Sindrevg\u00e1s) o pre\u00e7o para as distribuidoras foi reajustado em R$ 4,90 e o repasse para o consumidor ficar\u00e1 entre R$ 5 e R$ 7. A [&hellip;]<\/p>\n","protected":false},"author":2,"featured_media":103082,"comment_status":"open","ping_status":"open","sticky":false,"template":"","format":"standard","meta":{"footnotes":"","_links_to":"","_links_to_target":""},"categories":[1],"tags":[],"class_list":["post-103080","post","type-post","status-publish","format-standard","has-post-thumbnail","hentry","category-geral"],"views":819,"_links":{"self":[{"href":"https:\/\/www.sudoestehoje.com.br\/novoportal\/wp-json\/wp\/v2\/posts\/103080","targetHints":{"allow":["GET"]}}],"collection":[{"href":"https:\/\/www.sudoestehoje.com.br\/novoportal\/wp-json\/wp\/v2\/posts"}],"about":[{"href":"https:\/\/www.sudoestehoje.com.br\/novoportal\/wp-json\/wp\/v2\/types\/post"}],"author":[{"embeddable":true,"href":"https:\/\/www.sudoestehoje.com.br\/novoportal\/wp-json\/wp\/v2\/users\/2"}],"replies":[{"embeddable":true,"href":"https:\/\/www.sudoestehoje.com.br\/novoportal\/wp-json\/wp\/v2\/comments?post=103080"}],"version-history":[{"count":2,"href":"https:\/\/www.sudoestehoje.com.br\/novoportal\/wp-json\/wp\/v2\/posts\/103080\/revisions"}],"predecessor-version":[{"id":103083,"href":"https:\/\/www.sudoestehoje.com.br\/novoportal\/wp-json\/wp\/v2\/posts\/103080\/revisions\/103083"}],"wp:featuredmedia":[{"embeddable":true,"href":"https:\/\/www.sudoestehoje.com.br\/novoportal\/wp-json\/wp\/v2\/media\/103082"}],"wp:attachment":[{"href":"https:\/\/www.sudoestehoje.com.br\/novoportal\/wp-json\/wp\/v2\/media?parent=103080"}],"wp:term":[{"taxonomy":"category","embeddable":true,"href":"https:\/\/www.sudoestehoje.com.br\/novoportal\/wp-json\/wp\/v2\/categories?post=103080"},{"taxonomy":"post_tag","embeddable":true,"href":"https:\/\/www.sudoestehoje.com.br\/novoportal\/wp-json\/wp\/v2\/tags?post=103080"}],"curies":[{"name":"wp","href":"https:\/\/api.w.org\/{rel}","templated":true}]}}