
{"id":103075,"date":"2022-06-29T20:10:39","date_gmt":"2022-06-29T23:10:39","guid":{"rendered":"https:\/\/www.sudoestehoje.com.br\/novoportal\/?p=103075"},"modified":"2022-06-29T20:10:39","modified_gmt":"2022-06-29T23:10:39","slug":"regiao-ex-prefeita-de-ibicui-e-condenada-a-devolver-r-86-mil-aos-cofres-do-estado","status":"publish","type":"post","link":"https:\/\/www.sudoestehoje.com.br\/novoportal\/2022\/06\/29\/regiao-ex-prefeita-de-ibicui-e-condenada-a-devolver-r-86-mil-aos-cofres-do-estado\/","title":{"rendered":"REGI\u00c3O: EX-PREFEITA DE IBICU\u00cd \u00c9 CONDENADA A DEVOLVER R$ 86 MIL AOS COFRES DO ESTADO"},"content":{"rendered":"<p><a href=\"https:\/\/www.sudoestehoje.com.br\/novoportal\/wp-content\/uploads\/2022\/06\/1-DSC_1526.jpg\"><img loading=\"lazy\" decoding=\"async\" class=\"aligncenter size-medium wp-image-103077\" src=\"https:\/\/www.sudoestehoje.com.br\/novoportal\/wp-content\/uploads\/2022\/06\/1-DSC_1526-500x331.jpg\" alt=\"\" width=\"500\" height=\"331\" srcset=\"https:\/\/www.sudoestehoje.com.br\/novoportal\/wp-content\/uploads\/2022\/06\/1-DSC_1526-500x331.jpg 500w, https:\/\/www.sudoestehoje.com.br\/novoportal\/wp-content\/uploads\/2022\/06\/1-DSC_1526-700x464.jpg 700w, https:\/\/www.sudoestehoje.com.br\/novoportal\/wp-content\/uploads\/2022\/06\/1-DSC_1526.jpg 750w\" sizes=\"auto, (max-width: 500px) 100vw, 500px\" \/><\/a><\/p>\n<p>A Segunda C\u00e2mara do Tribunal de Contas do Estado da Bahia (TCE\/BA), em sess\u00e3o ordin\u00e1ria desta ter\u00e7a-feira (29), desaprovou a presta\u00e7\u00e3o de contas do conv\u00eanio 127\/2014, firmado pela Companhia de Desenvolvimento Urbano do Estado da Bahia (Conder) com a Prefeitura Municipal de Ibicu\u00ed, e condenou a ex-prefeita <strong>Gilnay Cunha Santana<\/strong> a devolver ao er\u00e1rio estadual a quantia de <strong>R$ 86.570,78.<\/strong><\/p>\n<p>O conv\u00eanio teve como objeto a coopera\u00e7\u00e3o financeira visando \u00e0 pavimenta\u00e7\u00e3o em paralelep\u00edpedos das ruas Igua\u00ed, Por\u00e7\u00f5es e Ibicara\u00ed, todas localizadas no munic\u00edpio de Ibicu\u00ed e a san\u00e7\u00e3o constante do voto do relator, conselheiro Pedro Henrique Lino, que foi aprovado \u00e0 unanimidade, foi decorrente da execu\u00e7\u00e3o apenas parcial dos servi\u00e7os previstos no ajuste.<\/p>\n<p>Na mesma sess\u00e3o, foi aprovada a presta\u00e7\u00e3o de contas do conv\u00eanio 114\/2014, que teve como convenentes a Prefeitura Municipal de Mundo Novo e tamb\u00e9m a Conder, mas com imposi\u00e7\u00e3o de ressalvas e aplica\u00e7\u00e3o de multa, de R$ 1.212,00 ao ex-prefeito Luzinar Gomes Medeiros, conforme proposto no voto do relator do processo, conselheiro Jo\u00e3o Evil\u00e1sio Bonfim. O objeto do conv\u00eanio foi a pavimenta\u00e7\u00e3o em paralelep\u00edpedo, com drenagem superficial, em vias urbanas, e as ressalvas e a aplica\u00e7\u00e3o de multa ao ex-gestor foram causadas pelo atraso na apresenta\u00e7\u00e3o e regulariza\u00e7\u00e3o da presta\u00e7\u00e3o de contas da segunda parcela, bem como no atraso na devolu\u00e7\u00e3o dos saldos financeiros n\u00e3o aplicados. As decis\u00f5es cabem recursos.<\/p>\n","protected":false},"excerpt":{"rendered":"<p>A Segunda C\u00e2mara do Tribunal de Contas do Estado da Bahia (TCE\/BA), em sess\u00e3o ordin\u00e1ria desta ter\u00e7a-feira (29), desaprovou a presta\u00e7\u00e3o de contas do conv\u00eanio 127\/2014, firmado pela Companhia de Desenvolvimento Urbano do Estado da Bahia (Conder) com a Prefeitura Municipal de Ibicu\u00ed, e condenou a ex-prefeita Gilnay Cunha Santana a devolver ao er\u00e1rio estadual [&hellip;]<\/p>\n","protected":false},"author":2,"featured_media":103077,"comment_status":"open","ping_status":"open","sticky":false,"template":"","format":"standard","meta":{"footnotes":"","_links_to":"","_links_to_target":""},"categories":[1],"tags":[],"class_list":["post-103075","post","type-post","status-publish","format-standard","has-post-thumbnail","hentry","category-geral"],"views":775,"_links":{"self":[{"href":"https:\/\/www.sudoestehoje.com.br\/novoportal\/wp-json\/wp\/v2\/posts\/103075","targetHints":{"allow":["GET"]}}],"collection":[{"href":"https:\/\/www.sudoestehoje.com.br\/novoportal\/wp-json\/wp\/v2\/posts"}],"about":[{"href":"https:\/\/www.sudoestehoje.com.br\/novoportal\/wp-json\/wp\/v2\/types\/post"}],"author":[{"embeddable":true,"href":"https:\/\/www.sudoestehoje.com.br\/novoportal\/wp-json\/wp\/v2\/users\/2"}],"replies":[{"embeddable":true,"href":"https:\/\/www.sudoestehoje.com.br\/novoportal\/wp-json\/wp\/v2\/comments?post=103075"}],"version-history":[{"count":3,"href":"https:\/\/www.sudoestehoje.com.br\/novoportal\/wp-json\/wp\/v2\/posts\/103075\/revisions"}],"predecessor-version":[{"id":103079,"href":"https:\/\/www.sudoestehoje.com.br\/novoportal\/wp-json\/wp\/v2\/posts\/103075\/revisions\/103079"}],"wp:featuredmedia":[{"embeddable":true,"href":"https:\/\/www.sudoestehoje.com.br\/novoportal\/wp-json\/wp\/v2\/media\/103077"}],"wp:attachment":[{"href":"https:\/\/www.sudoestehoje.com.br\/novoportal\/wp-json\/wp\/v2\/media?parent=103075"}],"wp:term":[{"taxonomy":"category","embeddable":true,"href":"https:\/\/www.sudoestehoje.com.br\/novoportal\/wp-json\/wp\/v2\/categories?post=103075"},{"taxonomy":"post_tag","embeddable":true,"href":"https:\/\/www.sudoestehoje.com.br\/novoportal\/wp-json\/wp\/v2\/tags?post=103075"}],"curies":[{"name":"wp","href":"https:\/\/api.w.org\/{rel}","templated":true}]}}