
{"id":103071,"date":"2022-06-29T20:03:15","date_gmt":"2022-06-29T23:03:15","guid":{"rendered":"https:\/\/www.sudoestehoje.com.br\/novoportal\/?p=103071"},"modified":"2022-06-29T20:03:15","modified_gmt":"2022-06-29T23:03:15","slug":"presidente-da-caixa-e-demitido-apos-denuncias-de-assedio-a-funcionarias","status":"publish","type":"post","link":"https:\/\/www.sudoestehoje.com.br\/novoportal\/2022\/06\/29\/presidente-da-caixa-e-demitido-apos-denuncias-de-assedio-a-funcionarias\/","title":{"rendered":"PRESIDENTE DA CAIXA \u00c9 DEMITIDO AP\u00d3S DEN\u00daNCIAS DE ASS\u00c9DIO A FUNCION\u00c1RIAS"},"content":{"rendered":"<p><a href=\"https:\/\/www.sudoestehoje.com.br\/novoportal\/wp-content\/uploads\/2022\/06\/162637565860f085eaa9254_1626375658_3x2_md.jpg\"><img loading=\"lazy\" decoding=\"async\" class=\"aligncenter size-medium wp-image-103072\" src=\"https:\/\/www.sudoestehoje.com.br\/novoportal\/wp-content\/uploads\/2022\/06\/162637565860f085eaa9254_1626375658_3x2_md-500x333.jpg\" alt=\"\" width=\"500\" height=\"333\" srcset=\"https:\/\/www.sudoestehoje.com.br\/novoportal\/wp-content\/uploads\/2022\/06\/162637565860f085eaa9254_1626375658_3x2_md-500x333.jpg 500w, https:\/\/www.sudoestehoje.com.br\/novoportal\/wp-content\/uploads\/2022\/06\/162637565860f085eaa9254_1626375658_3x2_md-700x467.jpg 700w, https:\/\/www.sudoestehoje.com.br\/novoportal\/wp-content\/uploads\/2022\/06\/162637565860f085eaa9254_1626375658_3x2_md.jpg 768w\" sizes=\"auto, (max-width: 500px) 100vw, 500px\" \/><\/a><\/p>\n<p>A demiss\u00e3o de Pedro Guimar\u00e3es da presid\u00eancia da Caixa Econ\u00f4mica Federal foi publicada no in\u00edcio da noite desta quarta-feira (29) no Di\u00e1rio Oficial da Uni\u00e3o (DOU). Durante a tarde, depois das den\u00fancias de ass\u00e9dio cometido a funcion\u00e1rias da Caixa, ele entregou ao presidente Jair Bolsonaro (PL) uma carta, pedindo desligamento do cargo.<\/p>\n<p>Guimar\u00e3es estava no cargo desde o in\u00edcio do governo do presidente Jair Bolsonaro (PL), em 2019. Na publica\u00e7\u00e3o, o governo ressaltou que \u201ca exonera\u00e7\u00e3o foi a pedido\u201d.<\/p>\n<p>Ainda no texto, o governo nomeou a atual secret\u00e1ria especial de Produtividade e Competitividade do Minist\u00e9rio da Economia, Daniella Marques Consentino, para assumir a presid\u00eancia da Caixa Econ\u00f4mica Federal.<\/p>\n","protected":false},"excerpt":{"rendered":"<p>A demiss\u00e3o de Pedro Guimar\u00e3es da presid\u00eancia da Caixa Econ\u00f4mica Federal foi publicada no in\u00edcio da noite desta quarta-feira (29) no Di\u00e1rio Oficial da Uni\u00e3o (DOU). Durante a tarde, depois das den\u00fancias de ass\u00e9dio cometido a funcion\u00e1rias da Caixa, ele entregou ao presidente Jair Bolsonaro (PL) uma carta, pedindo desligamento do cargo. Guimar\u00e3es estava no [&hellip;]<\/p>\n","protected":false},"author":2,"featured_media":103072,"comment_status":"open","ping_status":"open","sticky":false,"template":"","format":"standard","meta":{"footnotes":"","_links_to":"","_links_to_target":""},"categories":[1],"tags":[],"class_list":["post-103071","post","type-post","status-publish","format-standard","has-post-thumbnail","hentry","category-geral"],"views":816,"_links":{"self":[{"href":"https:\/\/www.sudoestehoje.com.br\/novoportal\/wp-json\/wp\/v2\/posts\/103071","targetHints":{"allow":["GET"]}}],"collection":[{"href":"https:\/\/www.sudoestehoje.com.br\/novoportal\/wp-json\/wp\/v2\/posts"}],"about":[{"href":"https:\/\/www.sudoestehoje.com.br\/novoportal\/wp-json\/wp\/v2\/types\/post"}],"author":[{"embeddable":true,"href":"https:\/\/www.sudoestehoje.com.br\/novoportal\/wp-json\/wp\/v2\/users\/2"}],"replies":[{"embeddable":true,"href":"https:\/\/www.sudoestehoje.com.br\/novoportal\/wp-json\/wp\/v2\/comments?post=103071"}],"version-history":[{"count":2,"href":"https:\/\/www.sudoestehoje.com.br\/novoportal\/wp-json\/wp\/v2\/posts\/103071\/revisions"}],"predecessor-version":[{"id":103074,"href":"https:\/\/www.sudoestehoje.com.br\/novoportal\/wp-json\/wp\/v2\/posts\/103071\/revisions\/103074"}],"wp:featuredmedia":[{"embeddable":true,"href":"https:\/\/www.sudoestehoje.com.br\/novoportal\/wp-json\/wp\/v2\/media\/103072"}],"wp:attachment":[{"href":"https:\/\/www.sudoestehoje.com.br\/novoportal\/wp-json\/wp\/v2\/media?parent=103071"}],"wp:term":[{"taxonomy":"category","embeddable":true,"href":"https:\/\/www.sudoestehoje.com.br\/novoportal\/wp-json\/wp\/v2\/categories?post=103071"},{"taxonomy":"post_tag","embeddable":true,"href":"https:\/\/www.sudoestehoje.com.br\/novoportal\/wp-json\/wp\/v2\/tags?post=103071"}],"curies":[{"name":"wp","href":"https:\/\/api.w.org\/{rel}","templated":true}]}}