
{"id":103067,"date":"2022-06-29T19:52:59","date_gmt":"2022-06-29T22:52:59","guid":{"rendered":"https:\/\/www.sudoestehoje.com.br\/novoportal\/?p=103067"},"modified":"2022-06-29T19:52:59","modified_gmt":"2022-06-29T22:52:59","slug":"cidades-baianas-estao-entre-as-30-mais-violentas-do-brasil-veja-ranking","status":"publish","type":"post","link":"https:\/\/www.sudoestehoje.com.br\/novoportal\/2022\/06\/29\/cidades-baianas-estao-entre-as-30-mais-violentas-do-brasil-veja-ranking\/","title":{"rendered":"CIDADES BAIANAS EST\u00c3O ENTRE AS 30 MAIS VIOLENTAS DO BRASIL; VEJA RANKING"},"content":{"rendered":"<div id=\"attachment_103068\" style=\"width: 510px\" class=\"wp-caption aligncenter\"><a href=\"https:\/\/www.sudoestehoje.com.br\/novoportal\/wp-content\/uploads\/2022\/06\/prefedecr_alo_alo_bahia.jpeg\"><img loading=\"lazy\" decoding=\"async\" aria-describedby=\"caption-attachment-103068\" class=\"size-medium wp-image-103068\" src=\"https:\/\/www.sudoestehoje.com.br\/novoportal\/wp-content\/uploads\/2022\/06\/prefedecr_alo_alo_bahia-500x375.jpeg\" alt=\"\" width=\"500\" height=\"375\" srcset=\"https:\/\/www.sudoestehoje.com.br\/novoportal\/wp-content\/uploads\/2022\/06\/prefedecr_alo_alo_bahia-500x375.jpeg 500w, https:\/\/www.sudoestehoje.com.br\/novoportal\/wp-content\/uploads\/2022\/06\/prefedecr_alo_alo_bahia-700x525.jpeg 700w, https:\/\/www.sudoestehoje.com.br\/novoportal\/wp-content\/uploads\/2022\/06\/prefedecr_alo_alo_bahia-768x576.jpeg 768w, https:\/\/www.sudoestehoje.com.br\/novoportal\/wp-content\/uploads\/2022\/06\/prefedecr_alo_alo_bahia-1536x1152.jpeg 1536w, https:\/\/www.sudoestehoje.com.br\/novoportal\/wp-content\/uploads\/2022\/06\/prefedecr_alo_alo_bahia.jpeg 1600w\" sizes=\"auto, (max-width: 500px) 100vw, 500px\" \/><\/a><p id=\"caption-attachment-103068\" class=\"wp-caption-text\"><strong>Feira de Santana \u00e9 a mais violenta entre as grandes cidades da Bahia<\/strong><\/p><\/div>\n<p>O estado da Bahia tem cinco munic\u00edpios entre os 30 do Brasil com as maiores taxas de mortes violentas por 100 mil habitantes. De acordo com Anu\u00e1rio 2022, do F\u00f3rum Brasileiro de Seguran\u00e7a P\u00fablica, divulgado nesta ter\u00e7a-feira (28), <strong>Aurelino Leal\u00a0<\/strong>\u00e9 a cidade mais violenta da Bahia e a terceira do pa\u00eds. Entre os pequenos munic\u00edpios baianos aparecem tamb\u00e9m\u00a0<strong>Jussari, Itaju do Col\u00f4nia, Wenceslau Guimar\u00e3es e Santa Cruz de Cabr\u00e1lia.<\/strong><\/p>\n<div id=\"attachment_103069\" style=\"width: 510px\" class=\"wp-caption aligncenter\"><a href=\"https:\/\/www.sudoestehoje.com.br\/novoportal\/wp-content\/uploads\/2022\/06\/Wenceslau-Guimaraes-Drone.jpg\"><img loading=\"lazy\" decoding=\"async\" aria-describedby=\"caption-attachment-103069\" class=\"size-medium wp-image-103069\" src=\"https:\/\/www.sudoestehoje.com.br\/novoportal\/wp-content\/uploads\/2022\/06\/Wenceslau-Guimaraes-Drone-500x344.jpg\" alt=\"\" width=\"500\" height=\"344\" srcset=\"https:\/\/www.sudoestehoje.com.br\/novoportal\/wp-content\/uploads\/2022\/06\/Wenceslau-Guimaraes-Drone-500x344.jpg 500w, https:\/\/www.sudoestehoje.com.br\/novoportal\/wp-content\/uploads\/2022\/06\/Wenceslau-Guimaraes-Drone.jpg 654w\" sizes=\"auto, (max-width: 500px) 100vw, 500px\" \/><\/a><p id=\"caption-attachment-103069\" class=\"wp-caption-text\"><strong>Entre as pequenas cidades, Wenceslau Guimar\u00e3es \u00e9 a mais violenta do Estado<\/strong><\/p><\/div>\n<p><strong>No Ranking das 30 cidades com mais de 100 mil habitantes, aparecem 9 cidades da Bahia.<\/strong><\/p>\n<ul>\n<li>1. Feira de Santana<\/li>\n<li>2. Sim\u00f5es Filho<\/li>\n<li>3. Cama\u00e7ari<\/li>\n<li>4. Ilh\u00e9us<\/li>\n<li>5. Santo Ant\u00f4nio de Jesus<\/li>\n<li>6. Alagoinhas<\/li>\n<li>7. Juazeiro<\/li>\n<li>8. Porto Seguro<\/li>\n<li>9. Teixeira de Freitas<\/li>\n<\/ul>\n","protected":false},"excerpt":{"rendered":"<p>O estado da Bahia tem cinco munic\u00edpios entre os 30 do Brasil com as maiores taxas de mortes violentas por 100 mil habitantes. De acordo com Anu\u00e1rio 2022, do F\u00f3rum Brasileiro de Seguran\u00e7a P\u00fablica, divulgado nesta ter\u00e7a-feira (28), Aurelino Leal\u00a0\u00e9 a cidade mais violenta da Bahia e a terceira do pa\u00eds. Entre os pequenos munic\u00edpios [&hellip;]<\/p>\n","protected":false},"author":2,"featured_media":103068,"comment_status":"open","ping_status":"open","sticky":false,"template":"","format":"standard","meta":{"footnotes":"","_links_to":"","_links_to_target":""},"categories":[1],"tags":[],"class_list":["post-103067","post","type-post","status-publish","format-standard","has-post-thumbnail","hentry","category-geral"],"views":1175,"_links":{"self":[{"href":"https:\/\/www.sudoestehoje.com.br\/novoportal\/wp-json\/wp\/v2\/posts\/103067","targetHints":{"allow":["GET"]}}],"collection":[{"href":"https:\/\/www.sudoestehoje.com.br\/novoportal\/wp-json\/wp\/v2\/posts"}],"about":[{"href":"https:\/\/www.sudoestehoje.com.br\/novoportal\/wp-json\/wp\/v2\/types\/post"}],"author":[{"embeddable":true,"href":"https:\/\/www.sudoestehoje.com.br\/novoportal\/wp-json\/wp\/v2\/users\/2"}],"replies":[{"embeddable":true,"href":"https:\/\/www.sudoestehoje.com.br\/novoportal\/wp-json\/wp\/v2\/comments?post=103067"}],"version-history":[{"count":1,"href":"https:\/\/www.sudoestehoje.com.br\/novoportal\/wp-json\/wp\/v2\/posts\/103067\/revisions"}],"predecessor-version":[{"id":103070,"href":"https:\/\/www.sudoestehoje.com.br\/novoportal\/wp-json\/wp\/v2\/posts\/103067\/revisions\/103070"}],"wp:featuredmedia":[{"embeddable":true,"href":"https:\/\/www.sudoestehoje.com.br\/novoportal\/wp-json\/wp\/v2\/media\/103068"}],"wp:attachment":[{"href":"https:\/\/www.sudoestehoje.com.br\/novoportal\/wp-json\/wp\/v2\/media?parent=103067"}],"wp:term":[{"taxonomy":"category","embeddable":true,"href":"https:\/\/www.sudoestehoje.com.br\/novoportal\/wp-json\/wp\/v2\/categories?post=103067"},{"taxonomy":"post_tag","embeddable":true,"href":"https:\/\/www.sudoestehoje.com.br\/novoportal\/wp-json\/wp\/v2\/tags?post=103067"}],"curies":[{"name":"wp","href":"https:\/\/api.w.org\/{rel}","templated":true}]}}