
{"id":103049,"date":"2022-06-28T09:11:55","date_gmt":"2022-06-28T12:11:55","guid":{"rendered":"https:\/\/www.sudoestehoje.com.br\/novoportal\/?p=103049"},"modified":"2022-06-28T16:50:35","modified_gmt":"2022-06-28T19:50:35","slug":"maiquinique-alex-coelho-participa-do-sao-joao-de-pouso-alegre","status":"publish","type":"post","link":"https:\/\/www.sudoestehoje.com.br\/novoportal\/2022\/06\/28\/maiquinique-alex-coelho-participa-do-sao-joao-de-pouso-alegre\/","title":{"rendered":"MAIQUINIQUE | ALEX COELHO PARTICIPA DO S\u00c3O JO\u00c3O DE POUSO ALEGRE"},"content":{"rendered":"<p><a href=\"https:\/\/www.sudoestehoje.com.br\/novoportal\/wp-content\/uploads\/2022\/06\/WhatsApp-Image-2022-06-28-at-08.53.53.jpeg\"><img loading=\"lazy\" decoding=\"async\" class=\"aligncenter size-medium wp-image-103052\" src=\"https:\/\/www.sudoestehoje.com.br\/novoportal\/wp-content\/uploads\/2022\/06\/WhatsApp-Image-2022-06-28-at-08.53.53-500x363.jpeg\" alt=\"\" width=\"500\" height=\"363\" srcset=\"https:\/\/www.sudoestehoje.com.br\/novoportal\/wp-content\/uploads\/2022\/06\/WhatsApp-Image-2022-06-28-at-08.53.53-500x363.jpeg 500w, https:\/\/www.sudoestehoje.com.br\/novoportal\/wp-content\/uploads\/2022\/06\/WhatsApp-Image-2022-06-28-at-08.53.53-700x509.jpeg 700w, https:\/\/www.sudoestehoje.com.br\/novoportal\/wp-content\/uploads\/2022\/06\/WhatsApp-Image-2022-06-28-at-08.53.53-768x558.jpeg 768w, https:\/\/www.sudoestehoje.com.br\/novoportal\/wp-content\/uploads\/2022\/06\/WhatsApp-Image-2022-06-28-at-08.53.53.jpeg 1080w\" sizes=\"auto, (max-width: 500px) 100vw, 500px\" \/><\/a><\/p>\n<p>Acompanhado da sua esposa, Priscila Coelho, o presidente da Coopardo, Alex Coelho, prestigiou a festa de S\u00e3o Jo\u00e3o do distrito de Pouso Alegre, em Maiquinique, no \u00faltimo final de semana.<\/p>\n<p>Alex Coelho \u00e9 propriet\u00e1rio rural no munic\u00edpio e tem levado para todas as cidades da regi\u00e3o os servi\u00e7os e produtos da Coopardo, maior cooperativa agropecu\u00e1ria do Sudoeste Baiano, com sede em Itapetinga.<\/p>\n<p><a href=\"https:\/\/www.sudoestehoje.com.br\/novoportal\/wp-content\/uploads\/2022\/06\/WhatsApp-Image-2022-06-28-at-08.54.24.jpeg\"><img loading=\"lazy\" decoding=\"async\" class=\"aligncenter size-medium wp-image-103051\" src=\"https:\/\/www.sudoestehoje.com.br\/novoportal\/wp-content\/uploads\/2022\/06\/WhatsApp-Image-2022-06-28-at-08.54.24-500x365.jpeg\" alt=\"\" width=\"500\" height=\"365\" srcset=\"https:\/\/www.sudoestehoje.com.br\/novoportal\/wp-content\/uploads\/2022\/06\/WhatsApp-Image-2022-06-28-at-08.54.24-500x365.jpeg 500w, https:\/\/www.sudoestehoje.com.br\/novoportal\/wp-content\/uploads\/2022\/06\/WhatsApp-Image-2022-06-28-at-08.54.24-700x511.jpeg 700w, https:\/\/www.sudoestehoje.com.br\/novoportal\/wp-content\/uploads\/2022\/06\/WhatsApp-Image-2022-06-28-at-08.54.24-768x561.jpeg 768w, https:\/\/www.sudoestehoje.com.br\/novoportal\/wp-content\/uploads\/2022\/06\/WhatsApp-Image-2022-06-28-at-08.54.24.jpeg 1060w\" sizes=\"auto, (max-width: 500px) 100vw, 500px\" \/><\/a><\/p>\n<p>Em Pouso Alegre, Alex e Priscila foram recepcionados pelo atuante vereador Danilo e sua esposa Tamara Gusm\u00e3o, anfitri\u00f5es da festa.<\/p>\n<p>Ao <em>Sudoeste Hoje<\/em>, Alex ressaltou a import\u00e2ncia de Coopardo para a regi\u00e3o e a necessidade de divulgar seus produtos e servi\u00e7os no meio rural.<\/p>\n<p><a href=\"https:\/\/www.sudoestehoje.com.br\/novoportal\/wp-content\/uploads\/2022\/06\/WhatsApp-Image-2022-06-28-at-08.50.59.jpeg\"><img loading=\"lazy\" decoding=\"async\" class=\"aligncenter size-medium wp-image-103053\" src=\"https:\/\/www.sudoestehoje.com.br\/novoportal\/wp-content\/uploads\/2022\/06\/WhatsApp-Image-2022-06-28-at-08.50.59-500x390.jpeg\" alt=\"\" width=\"500\" height=\"390\" srcset=\"https:\/\/www.sudoestehoje.com.br\/novoportal\/wp-content\/uploads\/2022\/06\/WhatsApp-Image-2022-06-28-at-08.50.59-500x390.jpeg 500w, https:\/\/www.sudoestehoje.com.br\/novoportal\/wp-content\/uploads\/2022\/06\/WhatsApp-Image-2022-06-28-at-08.50.59-700x546.jpeg 700w, https:\/\/www.sudoestehoje.com.br\/novoportal\/wp-content\/uploads\/2022\/06\/WhatsApp-Image-2022-06-28-at-08.50.59-768x599.jpeg 768w, https:\/\/www.sudoestehoje.com.br\/novoportal\/wp-content\/uploads\/2022\/06\/WhatsApp-Image-2022-06-28-at-08.50.59.jpeg 1306w\" sizes=\"auto, (max-width: 500px) 100vw, 500px\" \/><\/a><\/p>\n<p><strong>NO FORR\u00d3 DO CURRAL<\/strong><\/p>\n<p>Al\u00e9m da festa de Pouso Alegre, Alex Coelho tamb\u00e9m prestigiou o tradicional &#8216;FORR\u00d3 DO CURRAL&#8221;, na propriedade rural de Roberto Wagner &#8216;R\u00f3&#8217;, em Maiquinique, onde foi bem recebido e participou das comemora\u00e7\u00f5es juninas.<\/p>\n\n\t\t<style type=\"text\/css\">\n\t\t\t#gallery-1 {\n\t\t\t\tmargin: auto;\n\t\t\t}\n\t\t\t#gallery-1 .gallery-item {\n\t\t\t\tfloat: left;\n\t\t\t\tmargin-top: 10px;\n\t\t\t\ttext-align: center;\n\t\t\t\twidth: 33%;\n\t\t\t}\n\t\t\t#gallery-1 img {\n\t\t\t\tborder: 2px solid #cfcfcf;\n\t\t\t}\n\t\t\t#gallery-1 .gallery-caption {\n\t\t\t\tmargin-left: 0;\n\t\t\t}\n\t\t\t\/* see gallery_shortcode() in wp-includes\/media.php *\/\n\t\t<\/style>\n\t\t<div id='gallery-1' class='gallery galleryid-103049 gallery-columns-3 gallery-size-thumbnail'><dl class='gallery-item'>\n\t\t\t<dt class='gallery-icon landscape'>\n\t\t\t\t<a href='https:\/\/www.sudoestehoje.com.br\/novoportal\/2022\/06\/28\/maiquinique-alex-coelho-participa-do-sao-joao-de-pouso-alegre\/whatsapp-image-2022-06-28-at-16-27-37\/'><img loading=\"lazy\" decoding=\"async\" width=\"150\" height=\"150\" src=\"https:\/\/www.sudoestehoje.com.br\/novoportal\/wp-content\/uploads\/2022\/06\/WhatsApp-Image-2022-06-28-at-16.27.37-150x150.jpeg\" class=\"attachment-thumbnail size-thumbnail\" alt=\"\" \/><\/a>\n\t\t\t<\/dt><\/dl><dl class='gallery-item'>\n\t\t\t<dt class='gallery-icon landscape'>\n\t\t\t\t<a href='https:\/\/www.sudoestehoje.com.br\/novoportal\/2022\/06\/28\/maiquinique-alex-coelho-participa-do-sao-joao-de-pouso-alegre\/whatsapp-image-2022-06-28-at-11-27-34\/'><img loading=\"lazy\" decoding=\"async\" width=\"150\" height=\"150\" src=\"https:\/\/www.sudoestehoje.com.br\/novoportal\/wp-content\/uploads\/2022\/06\/WhatsApp-Image-2022-06-28-at-11.27.34-150x150.jpeg\" class=\"attachment-thumbnail size-thumbnail\" alt=\"\" \/><\/a>\n\t\t\t<\/dt><\/dl><dl class='gallery-item'>\n\t\t\t<dt class='gallery-icon landscape'>\n\t\t\t\t<a href='https:\/\/www.sudoestehoje.com.br\/novoportal\/2022\/06\/28\/maiquinique-alex-coelho-participa-do-sao-joao-de-pouso-alegre\/whatsapp-image-2022-06-28-at-16-39-56\/'><img loading=\"lazy\" decoding=\"async\" width=\"150\" height=\"150\" src=\"https:\/\/www.sudoestehoje.com.br\/novoportal\/wp-content\/uploads\/2022\/06\/WhatsApp-Image-2022-06-28-at-16.39.56-150x150.jpeg\" class=\"attachment-thumbnail size-thumbnail\" alt=\"\" \/><\/a>\n\t\t\t<\/dt><\/dl><br style=\"clear: both\" \/>\n\t\t<\/div>\n\n<p><strong><em>Por Davi Ferraz<\/em><\/strong><\/p>\n","protected":false},"excerpt":{"rendered":"<p>Acompanhado da sua esposa, Priscila Coelho, o presidente da Coopardo, Alex Coelho, prestigiou a festa de S\u00e3o Jo\u00e3o do distrito de Pouso Alegre, em Maiquinique, no \u00faltimo final de semana. Alex Coelho \u00e9 propriet\u00e1rio rural no munic\u00edpio e tem levado para todas as cidades da regi\u00e3o os servi\u00e7os e produtos da Coopardo, maior cooperativa agropecu\u00e1ria [&hellip;]<\/p>\n","protected":false},"author":2,"featured_media":103053,"comment_status":"open","ping_status":"open","sticky":false,"template":"","format":"standard","meta":{"footnotes":"","_links_to":"","_links_to_target":""},"categories":[1],"tags":[],"class_list":["post-103049","post","type-post","status-publish","format-standard","has-post-thumbnail","hentry","category-geral"],"views":1190,"_links":{"self":[{"href":"https:\/\/www.sudoestehoje.com.br\/novoportal\/wp-json\/wp\/v2\/posts\/103049","targetHints":{"allow":["GET"]}}],"collection":[{"href":"https:\/\/www.sudoestehoje.com.br\/novoportal\/wp-json\/wp\/v2\/posts"}],"about":[{"href":"https:\/\/www.sudoestehoje.com.br\/novoportal\/wp-json\/wp\/v2\/types\/post"}],"author":[{"embeddable":true,"href":"https:\/\/www.sudoestehoje.com.br\/novoportal\/wp-json\/wp\/v2\/users\/2"}],"replies":[{"embeddable":true,"href":"https:\/\/www.sudoestehoje.com.br\/novoportal\/wp-json\/wp\/v2\/comments?post=103049"}],"version-history":[{"count":6,"href":"https:\/\/www.sudoestehoje.com.br\/novoportal\/wp-json\/wp\/v2\/posts\/103049\/revisions"}],"predecessor-version":[{"id":103065,"href":"https:\/\/www.sudoestehoje.com.br\/novoportal\/wp-json\/wp\/v2\/posts\/103049\/revisions\/103065"}],"wp:featuredmedia":[{"embeddable":true,"href":"https:\/\/www.sudoestehoje.com.br\/novoportal\/wp-json\/wp\/v2\/media\/103053"}],"wp:attachment":[{"href":"https:\/\/www.sudoestehoje.com.br\/novoportal\/wp-json\/wp\/v2\/media?parent=103049"}],"wp:term":[{"taxonomy":"category","embeddable":true,"href":"https:\/\/www.sudoestehoje.com.br\/novoportal\/wp-json\/wp\/v2\/categories?post=103049"},{"taxonomy":"post_tag","embeddable":true,"href":"https:\/\/www.sudoestehoje.com.br\/novoportal\/wp-json\/wp\/v2\/tags?post=103049"}],"curies":[{"name":"wp","href":"https:\/\/api.w.org\/{rel}","templated":true}]}}