
{"id":103043,"date":"2022-06-27T19:00:52","date_gmt":"2022-06-27T22:00:52","guid":{"rendered":"https:\/\/www.sudoestehoje.com.br\/novoportal\/?p=103043"},"modified":"2022-06-27T19:00:52","modified_gmt":"2022-06-27T22:00:52","slug":"bolsonaro-e-lula-terao-eventos-no-mesmo-horario-e-local-em-salvador-no-2-de-julho-petistas-temem-inseguranca","status":"publish","type":"post","link":"https:\/\/www.sudoestehoje.com.br\/novoportal\/2022\/06\/27\/bolsonaro-e-lula-terao-eventos-no-mesmo-horario-e-local-em-salvador-no-2-de-julho-petistas-temem-inseguranca\/","title":{"rendered":"BOLSONARO E LULA TER\u00c3O EVENTOS NO MESMO HOR\u00c1RIO E LOCAL EM SALVADOR NO 2 DE JULHO; PETISTAS TEMEM &#8220;INSEGURAN\u00c7A&#8221;"},"content":{"rendered":"<p><a href=\"https:\/\/www.sudoestehoje.com.br\/novoportal\/wp-content\/uploads\/2022\/06\/bolsonaro-e-lula-terao-eventos-no-mesmo-horario-e-local-em-salvador-petistas-temem-inseguranca_widelg-1.jpg\"><img loading=\"lazy\" decoding=\"async\" class=\"aligncenter size-medium wp-image-103045\" src=\"https:\/\/www.sudoestehoje.com.br\/novoportal\/wp-content\/uploads\/2022\/06\/bolsonaro-e-lula-terao-eventos-no-mesmo-horario-e-local-em-salvador-petistas-temem-inseguranca_widelg-1-500x281.jpg\" alt=\"\" width=\"500\" height=\"281\" srcset=\"https:\/\/www.sudoestehoje.com.br\/novoportal\/wp-content\/uploads\/2022\/06\/bolsonaro-e-lula-terao-eventos-no-mesmo-horario-e-local-em-salvador-petistas-temem-inseguranca_widelg-1-500x281.jpg 500w, https:\/\/www.sudoestehoje.com.br\/novoportal\/wp-content\/uploads\/2022\/06\/bolsonaro-e-lula-terao-eventos-no-mesmo-horario-e-local-em-salvador-petistas-temem-inseguranca_widelg-1-700x394.jpg 700w, https:\/\/www.sudoestehoje.com.br\/novoportal\/wp-content\/uploads\/2022\/06\/bolsonaro-e-lula-terao-eventos-no-mesmo-horario-e-local-em-salvador-petistas-temem-inseguranca_widelg-1-768x432.jpg 768w, https:\/\/www.sudoestehoje.com.br\/novoportal\/wp-content\/uploads\/2022\/06\/bolsonaro-e-lula-terao-eventos-no-mesmo-horario-e-local-em-salvador-petistas-temem-inseguranca_widelg-1.jpg 800w\" sizes=\"auto, (max-width: 500px) 100vw, 500px\" \/><\/a><\/p>\n<p>As comemora\u00e7\u00f5es pela Independ\u00eancia da Bahia, no dia 2 de Julho, ter\u00e1 uma programa\u00e7\u00e3o para l\u00e1 de vasta se tratando de pol\u00edtica. Isso porque a as ruas da capital baiana receber\u00e3o, al\u00e9m dos tradicionais cortejos dos grupos pol\u00edticos do governador Rui Costa (PT) e do pr\u00e9-candidato ao Governo do Estado, ACM Neto (UB), as visitas\u00a0do presidente da Rep\u00fablica, Jair Bolsonaro (PL), e\u00a0do ex-presidente Lula (PT).\u00a0H\u00e1 ainda a expectativa\u00a0da vinda do ex-ministro Ciro Gomes (PDT).<\/p>\n<p>Os tr\u00eas presidenci\u00e1veis testar\u00e3o suas respectivas popularidades em terras baianas. Lula participar\u00e1 de um evento fechado para a milit\u00e2ncia na Arena Fonte Nova. Fontes asseguram que o petista dever\u00e1 participar da concentra\u00e7\u00e3o do cortejo ainda pela manh\u00e3, na Lapinha, e seguir para a Fonte Nova.<\/p>\n<p>No entanto, petistas ouvidos pela reportagem temem que haja um clima de inseguran\u00e7a e de ataques por parte da milit\u00e2ncia bolsonarista, que estar\u00e3o, no mesmo hor\u00e1rio, na regi\u00e3o do Dique do Toror\u00f3, nas proximidades da Fonte Nova, com destino ao Parque dos Ventos, na Orla da Boca do Rio, para uma motociata com o presidente Bolsonaro.<\/p>\n<p>Os dois eventos correm o risco de terem um choque de hor\u00e1rios e de proximidade. A motociata com o presidente est\u00e1 com a concentra\u00e7\u00e3o marcada para \u00e0s 9h da manh\u00e3, no Dique, enquanto a o evento de Lula com a milit\u00e2ncia pestista est\u00e1 previsto para come\u00e7ar \u00e0s 10h.<\/p>\n<p>J\u00e1 Ciro Gomes deve marchar ao lado de fortes nomes do partido no estado, como o deputado federal F\u00e9lix Mendon\u00e7a J\u00fanior, presidente estadual da sigla, do presidente nacional da legenda, Carlos Lupi, e da vice-prefeita de Salvador, Ana Paula Matos.<\/p>\n","protected":false},"excerpt":{"rendered":"<p>As comemora\u00e7\u00f5es pela Independ\u00eancia da Bahia, no dia 2 de Julho, ter\u00e1 uma programa\u00e7\u00e3o para l\u00e1 de vasta se tratando de pol\u00edtica. Isso porque a as ruas da capital baiana receber\u00e3o, al\u00e9m dos tradicionais cortejos dos grupos pol\u00edticos do governador Rui Costa (PT) e do pr\u00e9-candidato ao Governo do Estado, ACM Neto (UB), as visitas\u00a0do [&hellip;]<\/p>\n","protected":false},"author":2,"featured_media":103044,"comment_status":"open","ping_status":"open","sticky":false,"template":"","format":"standard","meta":{"footnotes":"","_links_to":"","_links_to_target":""},"categories":[1],"tags":[],"class_list":["post-103043","post","type-post","status-publish","format-standard","has-post-thumbnail","hentry","category-geral"],"views":835,"_links":{"self":[{"href":"https:\/\/www.sudoestehoje.com.br\/novoportal\/wp-json\/wp\/v2\/posts\/103043","targetHints":{"allow":["GET"]}}],"collection":[{"href":"https:\/\/www.sudoestehoje.com.br\/novoportal\/wp-json\/wp\/v2\/posts"}],"about":[{"href":"https:\/\/www.sudoestehoje.com.br\/novoportal\/wp-json\/wp\/v2\/types\/post"}],"author":[{"embeddable":true,"href":"https:\/\/www.sudoestehoje.com.br\/novoportal\/wp-json\/wp\/v2\/users\/2"}],"replies":[{"embeddable":true,"href":"https:\/\/www.sudoestehoje.com.br\/novoportal\/wp-json\/wp\/v2\/comments?post=103043"}],"version-history":[{"count":3,"href":"https:\/\/www.sudoestehoje.com.br\/novoportal\/wp-json\/wp\/v2\/posts\/103043\/revisions"}],"predecessor-version":[{"id":103048,"href":"https:\/\/www.sudoestehoje.com.br\/novoportal\/wp-json\/wp\/v2\/posts\/103043\/revisions\/103048"}],"wp:featuredmedia":[{"embeddable":true,"href":"https:\/\/www.sudoestehoje.com.br\/novoportal\/wp-json\/wp\/v2\/media\/103044"}],"wp:attachment":[{"href":"https:\/\/www.sudoestehoje.com.br\/novoportal\/wp-json\/wp\/v2\/media?parent=103043"}],"wp:term":[{"taxonomy":"category","embeddable":true,"href":"https:\/\/www.sudoestehoje.com.br\/novoportal\/wp-json\/wp\/v2\/categories?post=103043"},{"taxonomy":"post_tag","embeddable":true,"href":"https:\/\/www.sudoestehoje.com.br\/novoportal\/wp-json\/wp\/v2\/tags?post=103043"}],"curies":[{"name":"wp","href":"https:\/\/api.w.org\/{rel}","templated":true}]}}