
{"id":102993,"date":"2022-06-26T18:49:51","date_gmt":"2022-06-26T21:49:51","guid":{"rendered":"https:\/\/www.sudoestehoje.com.br\/novoportal\/?p=102993"},"modified":"2022-06-26T18:54:04","modified_gmt":"2022-06-26T21:54:04","slug":"itapetinga-show-marcante-de-jua-da-bahia-animou-os-forrozeiros-no-arraia-da-lagoa","status":"publish","type":"post","link":"https:\/\/www.sudoestehoje.com.br\/novoportal\/2022\/06\/26\/itapetinga-show-marcante-de-jua-da-bahia-animou-os-forrozeiros-no-arraia-da-lagoa\/","title":{"rendered":"ITAPETINGA | SHOW MARCANTE DE JU\u00c1 DA BAHIA ANIMOU OS FORROZEIROS NO ARRAI\u00c1 DA LAGOA"},"content":{"rendered":"<p><a href=\"https:\/\/www.sudoestehoje.com.br\/novoportal\/wp-content\/uploads\/2022\/06\/WhatsApp-Image-2022-06-26-at-11.57.04-1.jpeg\"><img loading=\"lazy\" decoding=\"async\" class=\"aligncenter size-medium wp-image-102995\" src=\"https:\/\/www.sudoestehoje.com.br\/novoportal\/wp-content\/uploads\/2022\/06\/WhatsApp-Image-2022-06-26-at-11.57.04-1-500x281.jpeg\" alt=\"\" width=\"500\" height=\"281\" srcset=\"https:\/\/www.sudoestehoje.com.br\/novoportal\/wp-content\/uploads\/2022\/06\/WhatsApp-Image-2022-06-26-at-11.57.04-1-500x281.jpeg 500w, https:\/\/www.sudoestehoje.com.br\/novoportal\/wp-content\/uploads\/2022\/06\/WhatsApp-Image-2022-06-26-at-11.57.04-1-700x394.jpeg 700w, https:\/\/www.sudoestehoje.com.br\/novoportal\/wp-content\/uploads\/2022\/06\/WhatsApp-Image-2022-06-26-at-11.57.04-1-768x432.jpeg 768w, https:\/\/www.sudoestehoje.com.br\/novoportal\/wp-content\/uploads\/2022\/06\/WhatsApp-Image-2022-06-26-at-11.57.04-1-1536x864.jpeg 1536w, https:\/\/www.sudoestehoje.com.br\/novoportal\/wp-content\/uploads\/2022\/06\/WhatsApp-Image-2022-06-26-at-11.57.04-1.jpeg 1600w\" sizes=\"auto, (max-width: 500px) 100vw, 500px\" \/><\/a><\/p>\n<p>Numa apresenta\u00e7\u00e3o impec\u00e1vel, o artista itapetinguense <strong>Ju\u00e1 da Bahia<\/strong> foi o destaque na noite deste s\u00e1bado (25) no &#8216;Forr\u00f3 do Vaqueiro&#8217;, em Itapetinga, animando todo o p\u00fablico presente, principalmente os amantes do tradicional <em>&#8216;forr\u00f3-p\u00e9-de-serra&#8217;<\/em>, que vem perdendo espa\u00e7o nas festas juninas em todo o Brasil.<\/p>\n<p>Numa noite de ritmos variados, o p\u00fablico mais adulto foi un\u00e2nime em eleger a apresenta\u00e7\u00e3o de Ju\u00e1 da Bahia como a melhor da noite, apesar da alta qualidade das bandas que se apresentaram no Parque da Lagoa, que mais uma vez teve &#8216;casa cheia&#8217; como nos outros dias da festa de S\u00e3o Jo\u00e3o na &#8216;Capital da Pecu\u00e1ria Baiana&#8217;.<\/p>\n<p><a href=\"https:\/\/www.sudoestehoje.com.br\/novoportal\/wp-content\/uploads\/2022\/06\/WhatsApp-Image-2022-06-26-at-16.34.49-1.jpeg\"><img loading=\"lazy\" decoding=\"async\" class=\"aligncenter size-medium wp-image-102998\" src=\"https:\/\/www.sudoestehoje.com.br\/novoportal\/wp-content\/uploads\/2022\/06\/WhatsApp-Image-2022-06-26-at-16.34.49-1-500x282.jpeg\" alt=\"\" width=\"500\" height=\"282\" srcset=\"https:\/\/www.sudoestehoje.com.br\/novoportal\/wp-content\/uploads\/2022\/06\/WhatsApp-Image-2022-06-26-at-16.34.49-1-500x282.jpeg 500w, https:\/\/www.sudoestehoje.com.br\/novoportal\/wp-content\/uploads\/2022\/06\/WhatsApp-Image-2022-06-26-at-16.34.49-1-700x394.jpeg 700w, https:\/\/www.sudoestehoje.com.br\/novoportal\/wp-content\/uploads\/2022\/06\/WhatsApp-Image-2022-06-26-at-16.34.49-1-768x432.jpeg 768w, https:\/\/www.sudoestehoje.com.br\/novoportal\/wp-content\/uploads\/2022\/06\/WhatsApp-Image-2022-06-26-at-16.34.49-1-1536x865.jpeg 1536w, https:\/\/www.sudoestehoje.com.br\/novoportal\/wp-content\/uploads\/2022\/06\/WhatsApp-Image-2022-06-26-at-16.34.49-1.jpeg 1600w\" sizes=\"auto, (max-width: 500px) 100vw, 500px\" \/><\/a><\/p>\n<p>A organiza\u00e7\u00e3o da festa tamb\u00e9m merece destaque pela estrutura montada, principalmente os dois palcos, onde as bandas se apresentavam uma ap\u00f3s a outra, sem aquela demora na montagem dos equipamentos entre uma apresenta\u00e7\u00e3o e outra.<\/p>\n<p><strong><em>Por Davi Ferraz<\/em><\/strong><\/p>\n","protected":false},"excerpt":{"rendered":"<p>Numa apresenta\u00e7\u00e3o impec\u00e1vel, o artista itapetinguense Ju\u00e1 da Bahia foi o destaque na noite deste s\u00e1bado (25) no &#8216;Forr\u00f3 do Vaqueiro&#8217;, em Itapetinga, animando todo o p\u00fablico presente, principalmente os amantes do tradicional &#8216;forr\u00f3-p\u00e9-de-serra&#8217;, que vem perdendo espa\u00e7o nas festas juninas em todo o Brasil. Numa noite de ritmos variados, o p\u00fablico mais adulto foi [&hellip;]<\/p>\n","protected":false},"author":2,"featured_media":102995,"comment_status":"open","ping_status":"open","sticky":false,"template":"","format":"standard","meta":{"footnotes":"","_links_to":"","_links_to_target":""},"categories":[1],"tags":[],"class_list":["post-102993","post","type-post","status-publish","format-standard","has-post-thumbnail","hentry","category-geral"],"views":1286,"_links":{"self":[{"href":"https:\/\/www.sudoestehoje.com.br\/novoportal\/wp-json\/wp\/v2\/posts\/102993","targetHints":{"allow":["GET"]}}],"collection":[{"href":"https:\/\/www.sudoestehoje.com.br\/novoportal\/wp-json\/wp\/v2\/posts"}],"about":[{"href":"https:\/\/www.sudoestehoje.com.br\/novoportal\/wp-json\/wp\/v2\/types\/post"}],"author":[{"embeddable":true,"href":"https:\/\/www.sudoestehoje.com.br\/novoportal\/wp-json\/wp\/v2\/users\/2"}],"replies":[{"embeddable":true,"href":"https:\/\/www.sudoestehoje.com.br\/novoportal\/wp-json\/wp\/v2\/comments?post=102993"}],"version-history":[{"count":4,"href":"https:\/\/www.sudoestehoje.com.br\/novoportal\/wp-json\/wp\/v2\/posts\/102993\/revisions"}],"predecessor-version":[{"id":103000,"href":"https:\/\/www.sudoestehoje.com.br\/novoportal\/wp-json\/wp\/v2\/posts\/102993\/revisions\/103000"}],"wp:featuredmedia":[{"embeddable":true,"href":"https:\/\/www.sudoestehoje.com.br\/novoportal\/wp-json\/wp\/v2\/media\/102995"}],"wp:attachment":[{"href":"https:\/\/www.sudoestehoje.com.br\/novoportal\/wp-json\/wp\/v2\/media?parent=102993"}],"wp:term":[{"taxonomy":"category","embeddable":true,"href":"https:\/\/www.sudoestehoje.com.br\/novoportal\/wp-json\/wp\/v2\/categories?post=102993"},{"taxonomy":"post_tag","embeddable":true,"href":"https:\/\/www.sudoestehoje.com.br\/novoportal\/wp-json\/wp\/v2\/tags?post=102993"}],"curies":[{"name":"wp","href":"https:\/\/api.w.org\/{rel}","templated":true}]}}