
{"id":102896,"date":"2022-06-24T20:08:21","date_gmt":"2022-06-24T23:08:21","guid":{"rendered":"https:\/\/www.sudoestehoje.com.br\/novoportal\/?p=102896"},"modified":"2022-06-24T20:08:21","modified_gmt":"2022-06-24T23:08:21","slug":"caatiba-abertura-dos-festejos-juninos-leva-muita-alegria-aos-participantes","status":"publish","type":"post","link":"https:\/\/www.sudoestehoje.com.br\/novoportal\/2022\/06\/24\/caatiba-abertura-dos-festejos-juninos-leva-muita-alegria-aos-participantes\/","title":{"rendered":"CAATIBA | ABERTURA DOS FESTEJOS JUNINOS LEVA MUITA ALEGRIA AOS PARTICIPANTES"},"content":{"rendered":"<p><a href=\"https:\/\/www.sudoestehoje.com.br\/novoportal\/wp-content\/uploads\/2022\/06\/290361305_1188246268384405_397911535236178579_n-1.jpg\"><img loading=\"lazy\" decoding=\"async\" class=\"aligncenter size-medium wp-image-102899\" src=\"https:\/\/www.sudoestehoje.com.br\/novoportal\/wp-content\/uploads\/2022\/06\/290361305_1188246268384405_397911535236178579_n-1-500x333.jpg\" alt=\"\" width=\"500\" height=\"333\" srcset=\"https:\/\/www.sudoestehoje.com.br\/novoportal\/wp-content\/uploads\/2022\/06\/290361305_1188246268384405_397911535236178579_n-1-500x333.jpg 500w, https:\/\/www.sudoestehoje.com.br\/novoportal\/wp-content\/uploads\/2022\/06\/290361305_1188246268384405_397911535236178579_n-1-700x467.jpg 700w, https:\/\/www.sudoestehoje.com.br\/novoportal\/wp-content\/uploads\/2022\/06\/290361305_1188246268384405_397911535236178579_n-1-768x512.jpg 768w, https:\/\/www.sudoestehoje.com.br\/novoportal\/wp-content\/uploads\/2022\/06\/290361305_1188246268384405_397911535236178579_n-1-1536x1024.jpg 1536w, https:\/\/www.sudoestehoje.com.br\/novoportal\/wp-content\/uploads\/2022\/06\/290361305_1188246268384405_397911535236178579_n-1.jpg 2048w\" sizes=\"auto, (max-width: 500px) 100vw, 500px\" \/><\/a><\/p>\n<p>Na noite desta quinta-feira (23), o munic\u00edpio de Caatiba realizou a abertura dos festejos juninos com uma grade de atra\u00e7\u00e3o especial que levou muita alegria aos Caatibenses e visitantes.<\/p>\n<p>O circuito da festa na Pra\u00e7a de Eventos Cl\u00e9riston Andrade acolheu um animado momento ap\u00f3s dois anos sem as festividades do S\u00e3o Jo\u00e3o.<\/p>\n<p><a href=\"https:\/\/www.sudoestehoje.com.br\/novoportal\/wp-content\/uploads\/2022\/06\/290123692_1188247505050948_1741032497470265410_n.jpg\"><img loading=\"lazy\" decoding=\"async\" class=\"aligncenter size-medium wp-image-102904\" src=\"https:\/\/www.sudoestehoje.com.br\/novoportal\/wp-content\/uploads\/2022\/06\/290123692_1188247505050948_1741032497470265410_n-500x333.jpg\" alt=\"\" width=\"500\" height=\"333\" srcset=\"https:\/\/www.sudoestehoje.com.br\/novoportal\/wp-content\/uploads\/2022\/06\/290123692_1188247505050948_1741032497470265410_n-500x333.jpg 500w, https:\/\/www.sudoestehoje.com.br\/novoportal\/wp-content\/uploads\/2022\/06\/290123692_1188247505050948_1741032497470265410_n-700x467.jpg 700w, https:\/\/www.sudoestehoje.com.br\/novoportal\/wp-content\/uploads\/2022\/06\/290123692_1188247505050948_1741032497470265410_n-768x512.jpg 768w, https:\/\/www.sudoestehoje.com.br\/novoportal\/wp-content\/uploads\/2022\/06\/290123692_1188247505050948_1741032497470265410_n-1536x1024.jpg 1536w, https:\/\/www.sudoestehoje.com.br\/novoportal\/wp-content\/uploads\/2022\/06\/290123692_1188247505050948_1741032497470265410_n.jpg 2048w\" sizes=\"auto, (max-width: 500px) 100vw, 500px\" \/><\/a><\/p>\n<p>Ao som do Grupo Hall&#8217;s, \u00c9ric Lago, Peu do Acordeom, e da banda Lord\u00e3o a noite junina de Caatiba foi uma retomada \u00e0s tradi\u00e7\u00f5es que j\u00e1 faziam muita falta para todos os simpatizantes da melhor \u00e9poca do ano em todo nordeste.<\/p>\n<p>A cidade ainda ter\u00e1 duas noites de festa que prometem ser grandiosas, dando a anima\u00e7\u00e3o que todos aguardavam.<\/p>\n<p><a href=\"https:\/\/www.sudoestehoje.com.br\/novoportal\/wp-content\/uploads\/2022\/06\/290139396_1188247168384315_3727181895548595639_n.jpg\"><img loading=\"lazy\" decoding=\"async\" class=\"aligncenter size-medium wp-image-102906\" src=\"https:\/\/www.sudoestehoje.com.br\/novoportal\/wp-content\/uploads\/2022\/06\/290139396_1188247168384315_3727181895548595639_n-500x333.jpg\" alt=\"\" width=\"500\" height=\"333\" srcset=\"https:\/\/www.sudoestehoje.com.br\/novoportal\/wp-content\/uploads\/2022\/06\/290139396_1188247168384315_3727181895548595639_n-500x333.jpg 500w, https:\/\/www.sudoestehoje.com.br\/novoportal\/wp-content\/uploads\/2022\/06\/290139396_1188247168384315_3727181895548595639_n-700x467.jpg 700w, https:\/\/www.sudoestehoje.com.br\/novoportal\/wp-content\/uploads\/2022\/06\/290139396_1188247168384315_3727181895548595639_n-768x512.jpg 768w, https:\/\/www.sudoestehoje.com.br\/novoportal\/wp-content\/uploads\/2022\/06\/290139396_1188247168384315_3727181895548595639_n-1536x1024.jpg 1536w, https:\/\/www.sudoestehoje.com.br\/novoportal\/wp-content\/uploads\/2022\/06\/290139396_1188247168384315_3727181895548595639_n.jpg 2048w\" sizes=\"auto, (max-width: 500px) 100vw, 500px\" \/><\/a><\/p>\n<p>A Prefeita T\u00e2nia Ribeiro, o Vice Humberto Antunes que tamb\u00e9m estiveram presentes durante toda a noite de festa, expuseram a satisfa\u00e7\u00e3o de poder oferecer a comunidade o resgate do S\u00e3o Jo\u00e3o Caatibense. \/\/Ascom <a href=\"https:\/\/www.facebook.com\/elenylson.zeeba.5?__cft__%5b0%5d=AZVpjgyyXrKIc9h26OvpHwivOjDbahbWtCdmDMPbtCOlspgVwxxUxvJLoQ9SvHT9iPJnBBILjtkN7RgM_ayw014Me1wToc1bMkvECJvnLHsQzN0Mz6VYzq1bXuyPPck8ZqVaJQHb2ZapJE8Qazn186h3drXBWBe1YDqous6TS3Bafw&amp;__tn__=-%5dK-R\">Caatiba Bahia<\/a><\/p>\n","protected":false},"excerpt":{"rendered":"<p>Na noite desta quinta-feira (23), o munic\u00edpio de Caatiba realizou a abertura dos festejos juninos com uma grade de atra\u00e7\u00e3o especial que levou muita alegria aos Caatibenses e visitantes. O circuito da festa na Pra\u00e7a de Eventos Cl\u00e9riston Andrade acolheu um animado momento ap\u00f3s dois anos sem as festividades do S\u00e3o Jo\u00e3o. Ao som do [&hellip;]<\/p>\n","protected":false},"author":2,"featured_media":102899,"comment_status":"open","ping_status":"open","sticky":false,"template":"","format":"standard","meta":{"footnotes":"","_links_to":"","_links_to_target":""},"categories":[1],"tags":[],"class_list":["post-102896","post","type-post","status-publish","format-standard","has-post-thumbnail","hentry","category-geral"],"views":895,"_links":{"self":[{"href":"https:\/\/www.sudoestehoje.com.br\/novoportal\/wp-json\/wp\/v2\/posts\/102896","targetHints":{"allow":["GET"]}}],"collection":[{"href":"https:\/\/www.sudoestehoje.com.br\/novoportal\/wp-json\/wp\/v2\/posts"}],"about":[{"href":"https:\/\/www.sudoestehoje.com.br\/novoportal\/wp-json\/wp\/v2\/types\/post"}],"author":[{"embeddable":true,"href":"https:\/\/www.sudoestehoje.com.br\/novoportal\/wp-json\/wp\/v2\/users\/2"}],"replies":[{"embeddable":true,"href":"https:\/\/www.sudoestehoje.com.br\/novoportal\/wp-json\/wp\/v2\/comments?post=102896"}],"version-history":[{"count":3,"href":"https:\/\/www.sudoestehoje.com.br\/novoportal\/wp-json\/wp\/v2\/posts\/102896\/revisions"}],"predecessor-version":[{"id":102907,"href":"https:\/\/www.sudoestehoje.com.br\/novoportal\/wp-json\/wp\/v2\/posts\/102896\/revisions\/102907"}],"wp:featuredmedia":[{"embeddable":true,"href":"https:\/\/www.sudoestehoje.com.br\/novoportal\/wp-json\/wp\/v2\/media\/102899"}],"wp:attachment":[{"href":"https:\/\/www.sudoestehoje.com.br\/novoportal\/wp-json\/wp\/v2\/media?parent=102896"}],"wp:term":[{"taxonomy":"category","embeddable":true,"href":"https:\/\/www.sudoestehoje.com.br\/novoportal\/wp-json\/wp\/v2\/categories?post=102896"},{"taxonomy":"post_tag","embeddable":true,"href":"https:\/\/www.sudoestehoje.com.br\/novoportal\/wp-json\/wp\/v2\/tags?post=102896"}],"curies":[{"name":"wp","href":"https:\/\/api.w.org\/{rel}","templated":true}]}}