
{"id":102873,"date":"2022-06-24T13:00:57","date_gmt":"2022-06-24T16:00:57","guid":{"rendered":"https:\/\/www.sudoestehoje.com.br\/novoportal\/?p=102873"},"modified":"2022-06-24T13:08:51","modified_gmt":"2022-06-24T16:08:51","slug":"deputado-antonio-brito-comparece-ao-forro-da-lagoa-em-itapetinga","status":"publish","type":"post","link":"https:\/\/www.sudoestehoje.com.br\/novoportal\/2022\/06\/24\/deputado-antonio-brito-comparece-ao-forro-da-lagoa-em-itapetinga\/","title":{"rendered":"DEPUTADO ANT\u00d4NIO BRITO COMPARECE AO FORR\u00d3 DA LAGOA EM ITAPETINGA"},"content":{"rendered":"<p><a href=\"https:\/\/www.sudoestehoje.com.br\/novoportal\/wp-content\/uploads\/2022\/06\/WhatsApp-Image-2022-06-24-at-12.58.29.jpeg\"><img loading=\"lazy\" decoding=\"async\" class=\"aligncenter size-medium wp-image-102876\" src=\"https:\/\/www.sudoestehoje.com.br\/novoportal\/wp-content\/uploads\/2022\/06\/WhatsApp-Image-2022-06-24-at-12.58.29-500x282.jpeg\" alt=\"\" width=\"500\" height=\"282\" srcset=\"https:\/\/www.sudoestehoje.com.br\/novoportal\/wp-content\/uploads\/2022\/06\/WhatsApp-Image-2022-06-24-at-12.58.29-500x282.jpeg 500w, https:\/\/www.sudoestehoje.com.br\/novoportal\/wp-content\/uploads\/2022\/06\/WhatsApp-Image-2022-06-24-at-12.58.29-700x394.jpeg 700w, https:\/\/www.sudoestehoje.com.br\/novoportal\/wp-content\/uploads\/2022\/06\/WhatsApp-Image-2022-06-24-at-12.58.29-768x432.jpeg 768w, https:\/\/www.sudoestehoje.com.br\/novoportal\/wp-content\/uploads\/2022\/06\/WhatsApp-Image-2022-06-24-at-12.58.29-1536x865.jpeg 1536w, https:\/\/www.sudoestehoje.com.br\/novoportal\/wp-content\/uploads\/2022\/06\/WhatsApp-Image-2022-06-24-at-12.58.29.jpeg 1600w\" sizes=\"auto, (max-width: 500px) 100vw, 500px\" \/><\/a><\/p>\n<p>Atuante e presente, o deputado federal Ant\u00f4nio Brito (PSD) prestigiou mais uma vez os festejos juninos na &#8216;Capital da Pecu\u00e1ria Baiana&#8217;, comparecendo \u00e0 grande festa que est\u00e1 sendo realizada no Parque Poliesportivo da Lagoa.<\/p>\n<p>Acompanhado por amigos e apoiadores, Brito posou para as c\u00e2meras do Sudoeste Hoje ao lado dos vereadores <strong>Helder de Bandeira, Neto Ferraz e Peto<\/strong>, parceiros na sua caminhada para a conquista de mais um mandato na C\u00e2mara Federal.<\/p>\n<p><a href=\"https:\/\/www.sudoestehoje.com.br\/novoportal\/wp-content\/uploads\/2022\/06\/WhatsApp-Image-2022-06-24-at-12.59.21.jpeg\"><img loading=\"lazy\" decoding=\"async\" class=\"aligncenter size-medium wp-image-102875\" src=\"https:\/\/www.sudoestehoje.com.br\/novoportal\/wp-content\/uploads\/2022\/06\/WhatsApp-Image-2022-06-24-at-12.59.21-500x282.jpeg\" alt=\"\" width=\"500\" height=\"282\" srcset=\"https:\/\/www.sudoestehoje.com.br\/novoportal\/wp-content\/uploads\/2022\/06\/WhatsApp-Image-2022-06-24-at-12.59.21-500x282.jpeg 500w, https:\/\/www.sudoestehoje.com.br\/novoportal\/wp-content\/uploads\/2022\/06\/WhatsApp-Image-2022-06-24-at-12.59.21-700x394.jpeg 700w, https:\/\/www.sudoestehoje.com.br\/novoportal\/wp-content\/uploads\/2022\/06\/WhatsApp-Image-2022-06-24-at-12.59.21-768x432.jpeg 768w, https:\/\/www.sudoestehoje.com.br\/novoportal\/wp-content\/uploads\/2022\/06\/WhatsApp-Image-2022-06-24-at-12.59.21-1536x865.jpeg 1536w, https:\/\/www.sudoestehoje.com.br\/novoportal\/wp-content\/uploads\/2022\/06\/WhatsApp-Image-2022-06-24-at-12.59.21.jpeg 1600w\" sizes=\"auto, (max-width: 500px) 100vw, 500px\" \/><\/a><\/p>\n<p>Lideran\u00e7as locais e regionais tamb\u00e9m acompanharam o deputado na sua visita ao circuito da festa, o<strong> &#8216;Arrai\u00e1 do Vaqueiro&#8217;<\/strong>, um dos mais concorridos e organizados da Bahia.<\/p>\n<p><strong><em>Por Davi Ferraz<\/em><\/strong><\/p>\n","protected":false},"excerpt":{"rendered":"<p>Atuante e presente, o deputado federal Ant\u00f4nio Brito (PSD) prestigiou mais uma vez os festejos juninos na &#8216;Capital da Pecu\u00e1ria Baiana&#8217;, comparecendo \u00e0 grande festa que est\u00e1 sendo realizada no Parque Poliesportivo da Lagoa. Acompanhado por amigos e apoiadores, Brito posou para as c\u00e2meras do Sudoeste Hoje ao lado dos vereadores Helder de Bandeira, Neto [&hellip;]<\/p>\n","protected":false},"author":2,"featured_media":102876,"comment_status":"open","ping_status":"open","sticky":false,"template":"","format":"standard","meta":{"footnotes":"","_links_to":"","_links_to_target":""},"categories":[1],"tags":[],"class_list":["post-102873","post","type-post","status-publish","format-standard","has-post-thumbnail","hentry","category-geral"],"views":917,"_links":{"self":[{"href":"https:\/\/www.sudoestehoje.com.br\/novoportal\/wp-json\/wp\/v2\/posts\/102873","targetHints":{"allow":["GET"]}}],"collection":[{"href":"https:\/\/www.sudoestehoje.com.br\/novoportal\/wp-json\/wp\/v2\/posts"}],"about":[{"href":"https:\/\/www.sudoestehoje.com.br\/novoportal\/wp-json\/wp\/v2\/types\/post"}],"author":[{"embeddable":true,"href":"https:\/\/www.sudoestehoje.com.br\/novoportal\/wp-json\/wp\/v2\/users\/2"}],"replies":[{"embeddable":true,"href":"https:\/\/www.sudoestehoje.com.br\/novoportal\/wp-json\/wp\/v2\/comments?post=102873"}],"version-history":[{"count":5,"href":"https:\/\/www.sudoestehoje.com.br\/novoportal\/wp-json\/wp\/v2\/posts\/102873\/revisions"}],"predecessor-version":[{"id":102880,"href":"https:\/\/www.sudoestehoje.com.br\/novoportal\/wp-json\/wp\/v2\/posts\/102873\/revisions\/102880"}],"wp:featuredmedia":[{"embeddable":true,"href":"https:\/\/www.sudoestehoje.com.br\/novoportal\/wp-json\/wp\/v2\/media\/102876"}],"wp:attachment":[{"href":"https:\/\/www.sudoestehoje.com.br\/novoportal\/wp-json\/wp\/v2\/media?parent=102873"}],"wp:term":[{"taxonomy":"category","embeddable":true,"href":"https:\/\/www.sudoestehoje.com.br\/novoportal\/wp-json\/wp\/v2\/categories?post=102873"},{"taxonomy":"post_tag","embeddable":true,"href":"https:\/\/www.sudoestehoje.com.br\/novoportal\/wp-json\/wp\/v2\/tags?post=102873"}],"curies":[{"name":"wp","href":"https:\/\/api.w.org\/{rel}","templated":true}]}}