
{"id":102835,"date":"2022-06-23T15:10:23","date_gmt":"2022-06-23T18:10:23","guid":{"rendered":"https:\/\/www.sudoestehoje.com.br\/novoportal\/?p=102835"},"modified":"2022-06-23T15:10:23","modified_gmt":"2022-06-23T18:10:23","slug":"justica-federal-manda-soltar-milton-ribeiro","status":"publish","type":"post","link":"https:\/\/www.sudoestehoje.com.br\/novoportal\/2022\/06\/23\/justica-federal-manda-soltar-milton-ribeiro\/","title":{"rendered":"JUSTI\u00c7A FEDERAL MANDA SOLTAR MILTON RIBEIRO"},"content":{"rendered":"<div id=\"attachment_102837\" style=\"width: 510px\" class=\"wp-caption aligncenter\"><a href=\"https:\/\/www.sudoestehoje.com.br\/novoportal\/wp-content\/uploads\/2022\/06\/pzzb1429_1.jpg\"><img loading=\"lazy\" decoding=\"async\" aria-describedby=\"caption-attachment-102837\" class=\"size-medium wp-image-102837\" src=\"https:\/\/www.sudoestehoje.com.br\/novoportal\/wp-content\/uploads\/2022\/06\/pzzb1429_1-500x350.jpg\" alt=\"\" width=\"500\" height=\"350\" srcset=\"https:\/\/www.sudoestehoje.com.br\/novoportal\/wp-content\/uploads\/2022\/06\/pzzb1429_1-500x350.jpg 500w, https:\/\/www.sudoestehoje.com.br\/novoportal\/wp-content\/uploads\/2022\/06\/pzzb1429_1.jpg 600w\" sizes=\"auto, (max-width: 500px) 100vw, 500px\" \/><\/a><p id=\"caption-attachment-102837\" class=\"wp-caption-text\">O ex-ministro da Educa\u00e7\u00e3o e pastores foram beneficiados com um habeas corpus da Justi\u00e7a Federal ap\u00f3s pris\u00e3o.<\/p><\/div>\n<p>O juiz federal Ney Bello, do TRF-1 (Tribunal Regional Federal da 1\u00aa Regi\u00e3o), determinou nesta quinta (23) a revoga\u00e7\u00e3o da pris\u00e3o preventiva do ex-ministro da Educa\u00e7\u00e3o Milton Ribeiro.<\/p>\n<p>\u201cVerifico que a busca e apreens\u00e3o j\u00e1 foi realizada, as quebras de sigilos j\u00e1 foram deferidas e n\u00e3o h\u00e1 raz\u00e3o o bastante para a manuten\u00e7\u00e3o da pris\u00e3o, sem a demonstra\u00e7\u00e3o concreta de onde haveria risco para as investiga\u00e7\u00f5es\u201d, disse o magistrado.<\/p>\n<p>\u201cAfigura-se desnecess\u00e1ria a segrega\u00e7\u00e3o cautelar decretada para o fim de garantir a instru\u00e7\u00e3o processual, assim como a ordem p\u00fablica ou econ\u00f4mica, que se mostra desarrazoada no presente momento.\u201d<\/p>\n<p>Segundo ele, apesar de n\u00e3o ser necess\u00e1ria a pris\u00e3o, os poss\u00edveis crimes devem ser investigados. \u201cA investiga\u00e7\u00e3o deve correr at\u00e9 n\u00e3o mais poder e se apurarem todos os fatos citados, com as garantias do devido processo legal e da ampla defesa.\u201d<\/p>\n","protected":false},"excerpt":{"rendered":"<p>O juiz federal Ney Bello, do TRF-1 (Tribunal Regional Federal da 1\u00aa Regi\u00e3o), determinou nesta quinta (23) a revoga\u00e7\u00e3o da pris\u00e3o preventiva do ex-ministro da Educa\u00e7\u00e3o Milton Ribeiro. \u201cVerifico que a busca e apreens\u00e3o j\u00e1 foi realizada, as quebras de sigilos j\u00e1 foram deferidas e n\u00e3o h\u00e1 raz\u00e3o o bastante para a manuten\u00e7\u00e3o da pris\u00e3o, [&hellip;]<\/p>\n","protected":false},"author":2,"featured_media":102837,"comment_status":"open","ping_status":"open","sticky":false,"template":"","format":"standard","meta":{"footnotes":"","_links_to":"","_links_to_target":""},"categories":[1],"tags":[],"class_list":["post-102835","post","type-post","status-publish","format-standard","has-post-thumbnail","hentry","category-geral"],"views":744,"_links":{"self":[{"href":"https:\/\/www.sudoestehoje.com.br\/novoportal\/wp-json\/wp\/v2\/posts\/102835","targetHints":{"allow":["GET"]}}],"collection":[{"href":"https:\/\/www.sudoestehoje.com.br\/novoportal\/wp-json\/wp\/v2\/posts"}],"about":[{"href":"https:\/\/www.sudoestehoje.com.br\/novoportal\/wp-json\/wp\/v2\/types\/post"}],"author":[{"embeddable":true,"href":"https:\/\/www.sudoestehoje.com.br\/novoportal\/wp-json\/wp\/v2\/users\/2"}],"replies":[{"embeddable":true,"href":"https:\/\/www.sudoestehoje.com.br\/novoportal\/wp-json\/wp\/v2\/comments?post=102835"}],"version-history":[{"count":4,"href":"https:\/\/www.sudoestehoje.com.br\/novoportal\/wp-json\/wp\/v2\/posts\/102835\/revisions"}],"predecessor-version":[{"id":102840,"href":"https:\/\/www.sudoestehoje.com.br\/novoportal\/wp-json\/wp\/v2\/posts\/102835\/revisions\/102840"}],"wp:featuredmedia":[{"embeddable":true,"href":"https:\/\/www.sudoestehoje.com.br\/novoportal\/wp-json\/wp\/v2\/media\/102837"}],"wp:attachment":[{"href":"https:\/\/www.sudoestehoje.com.br\/novoportal\/wp-json\/wp\/v2\/media?parent=102835"}],"wp:term":[{"taxonomy":"category","embeddable":true,"href":"https:\/\/www.sudoestehoje.com.br\/novoportal\/wp-json\/wp\/v2\/categories?post=102835"},{"taxonomy":"post_tag","embeddable":true,"href":"https:\/\/www.sudoestehoje.com.br\/novoportal\/wp-json\/wp\/v2\/tags?post=102835"}],"curies":[{"name":"wp","href":"https:\/\/api.w.org\/{rel}","templated":true}]}}