
{"id":102770,"date":"2022-06-21T09:50:48","date_gmt":"2022-06-21T12:50:48","guid":{"rendered":"https:\/\/www.sudoestehoje.com.br\/novoportal\/?p=102770"},"modified":"2022-06-22T09:15:52","modified_gmt":"2022-06-22T12:15:52","slug":"itapetinga-cloves-silva-e-eleito-novo-presidente-da-ladi-por-unanimidade","status":"publish","type":"post","link":"https:\/\/www.sudoestehoje.com.br\/novoportal\/2022\/06\/21\/itapetinga-cloves-silva-e-eleito-novo-presidente-da-ladi-por-unanimidade\/","title":{"rendered":"ITAPETINGA: CLOVES SILVA \u00c9 ELEITO NOVO PRESIDENTE DA LADI POR UNANIMIDADE"},"content":{"rendered":"<p align=\"justify\"><a href=\"https:\/\/www.sudoestehoje.com.br\/novoportal\/wp-content\/uploads\/2022\/06\/Cloves-Silva-750x440-1.jpg\"><img loading=\"lazy\" decoding=\"async\" class=\"aligncenter size-medium wp-image-102773\" src=\"https:\/\/www.sudoestehoje.com.br\/novoportal\/wp-content\/uploads\/2022\/06\/Cloves-Silva-750x440-1-500x293.jpg\" alt=\"\" width=\"500\" height=\"293\" srcset=\"https:\/\/www.sudoestehoje.com.br\/novoportal\/wp-content\/uploads\/2022\/06\/Cloves-Silva-750x440-1-500x293.jpg 500w, https:\/\/www.sudoestehoje.com.br\/novoportal\/wp-content\/uploads\/2022\/06\/Cloves-Silva-750x440-1-700x411.jpg 700w, https:\/\/www.sudoestehoje.com.br\/novoportal\/wp-content\/uploads\/2022\/06\/Cloves-Silva-750x440-1.jpg 750w\" sizes=\"auto, (max-width: 500px) 100vw, 500px\" \/><\/a><\/p>\n<p class=\"western\" align=\"justify\">Ap\u00f3s assembleia geral ordin\u00e1ria realizada na noite de hoje, 20, no Est\u00e1dio Municipal de Itapetinga, o Primaver\u00e3o, a LADI (Liga Amadorista dos Desportos de Itapetinga) escolheu seu novo presidente para os pr\u00f3ximos dois anos (2022-24).<\/p>\n<p class=\"western\" align=\"justify\">O radialista Cloves Silva foi eleito por unanimidade, 8 votos a zero, o presidente mais jovem da LADI, que completa neste ano cinco d\u00e9cadas e meia de cria\u00e7\u00e3o. A chapa vencedora, que agora ir\u00e1 compor a nova diretoria da entidade, ainda tem os vice-presidentes Rodrigo Milagres e Viana J\u00fanior; e membros do Conselho Fiscal: Carlos Ribeiro (Cal Borrego), Dr. L\u00e9o Montanha, Juninho de Z\u00e9 Elias, Lucas Aguiar e Maicon Chaves. A nova diretoria executiva ser\u00e1 nomeada em momento oportuno.<\/p>\n<p align=\"justify\"><a href=\"https:\/\/www.sudoestehoje.com.br\/novoportal\/wp-content\/uploads\/2022\/06\/5-1024x460-1.jpeg\"><img loading=\"lazy\" decoding=\"async\" class=\"aligncenter size-medium wp-image-102775\" src=\"https:\/\/www.sudoestehoje.com.br\/novoportal\/wp-content\/uploads\/2022\/06\/5-1024x460-1-500x225.jpeg\" alt=\"\" width=\"500\" height=\"225\" srcset=\"https:\/\/www.sudoestehoje.com.br\/novoportal\/wp-content\/uploads\/2022\/06\/5-1024x460-1-500x225.jpeg 500w, https:\/\/www.sudoestehoje.com.br\/novoportal\/wp-content\/uploads\/2022\/06\/5-1024x460-1-700x314.jpeg 700w, https:\/\/www.sudoestehoje.com.br\/novoportal\/wp-content\/uploads\/2022\/06\/5-1024x460-1-768x345.jpeg 768w, https:\/\/www.sudoestehoje.com.br\/novoportal\/wp-content\/uploads\/2022\/06\/5-1024x460-1.jpeg 1024w\" sizes=\"auto, (max-width: 500px) 100vw, 500px\" \/><\/a><\/p>\n<p class=\"western\" align=\"justify\">Cloves teve os votos dos times do Bangu, Botafogo, Cometa, Flamengo, Fluminense, Gr\u00eamio, Independente e Ipiranga. Estavam presentes na sess\u00e3o os vereadores Jo\u00e3o de Deus e Valqu\u00edrio Lima (Valquir\u00e3o), al\u00e9m dos secret\u00e1rios F\u00e1bio Viana, da Educa\u00e7\u00e3o, e Jailson Santana, do Esporte, Cultura e Lazer. A imprensa local e desportistas tamb\u00e9m estiveram na reuni\u00e3o.<\/p>\n<p class=\"western\" align=\"justify\">A juventude, coragem e capacidade de Cloves Silva, associadas \u00e0 uma competente diretoria, trazem para a LADI a perspectiva de ainda mais conquistas para o desporto de nossa cidade. Junto com o prefeito Rodrigo Hagge, certamente, tempos ainda mais gloriosos vir\u00e3o.<\/p>\n","protected":false},"excerpt":{"rendered":"<p>Ap\u00f3s assembleia geral ordin\u00e1ria realizada na noite de hoje, 20, no Est\u00e1dio Municipal de Itapetinga, o Primaver\u00e3o, a LADI (Liga Amadorista dos Desportos de Itapetinga) escolheu seu novo presidente para os pr\u00f3ximos dois anos (2022-24). O radialista Cloves Silva foi eleito por unanimidade, 8 votos a zero, o presidente mais jovem da LADI, que completa [&hellip;]<\/p>\n","protected":false},"author":2,"featured_media":102773,"comment_status":"closed","ping_status":"open","sticky":false,"template":"","format":"standard","meta":{"footnotes":"","_links_to":"","_links_to_target":""},"categories":[1],"tags":[],"class_list":["post-102770","post","type-post","status-publish","format-standard","has-post-thumbnail","hentry","category-geral"],"views":636,"_links":{"self":[{"href":"https:\/\/www.sudoestehoje.com.br\/novoportal\/wp-json\/wp\/v2\/posts\/102770","targetHints":{"allow":["GET"]}}],"collection":[{"href":"https:\/\/www.sudoestehoje.com.br\/novoportal\/wp-json\/wp\/v2\/posts"}],"about":[{"href":"https:\/\/www.sudoestehoje.com.br\/novoportal\/wp-json\/wp\/v2\/types\/post"}],"author":[{"embeddable":true,"href":"https:\/\/www.sudoestehoje.com.br\/novoportal\/wp-json\/wp\/v2\/users\/2"}],"replies":[{"embeddable":true,"href":"https:\/\/www.sudoestehoje.com.br\/novoportal\/wp-json\/wp\/v2\/comments?post=102770"}],"version-history":[{"count":4,"href":"https:\/\/www.sudoestehoje.com.br\/novoportal\/wp-json\/wp\/v2\/posts\/102770\/revisions"}],"predecessor-version":[{"id":102776,"href":"https:\/\/www.sudoestehoje.com.br\/novoportal\/wp-json\/wp\/v2\/posts\/102770\/revisions\/102776"}],"wp:featuredmedia":[{"embeddable":true,"href":"https:\/\/www.sudoestehoje.com.br\/novoportal\/wp-json\/wp\/v2\/media\/102773"}],"wp:attachment":[{"href":"https:\/\/www.sudoestehoje.com.br\/novoportal\/wp-json\/wp\/v2\/media?parent=102770"}],"wp:term":[{"taxonomy":"category","embeddable":true,"href":"https:\/\/www.sudoestehoje.com.br\/novoportal\/wp-json\/wp\/v2\/categories?post=102770"},{"taxonomy":"post_tag","embeddable":true,"href":"https:\/\/www.sudoestehoje.com.br\/novoportal\/wp-json\/wp\/v2\/tags?post=102770"}],"curies":[{"name":"wp","href":"https:\/\/api.w.org\/{rel}","templated":true}]}}