
{"id":102757,"date":"2022-06-20T21:46:43","date_gmt":"2022-06-21T00:46:43","guid":{"rendered":"https:\/\/www.sudoestehoje.com.br\/novoportal\/?p=102757"},"modified":"2022-06-22T09:16:20","modified_gmt":"2022-06-22T12:16:20","slug":"itapetinga-estrutura-da-festa-de-sao-joao-esta-sendo-montada-no-parque-da-lagoa","status":"publish","type":"post","link":"https:\/\/www.sudoestehoje.com.br\/novoportal\/2022\/06\/20\/itapetinga-estrutura-da-festa-de-sao-joao-esta-sendo-montada-no-parque-da-lagoa\/","title":{"rendered":"ITAPETINGA | ESTRUTURA DA FESTA DE S\u00c3O JO\u00c3O EST\u00c1 SENDO MONTADA NO PARQUE DA LAGOA"},"content":{"rendered":"<p><a href=\"https:\/\/www.sudoestehoje.com.br\/novoportal\/wp-content\/uploads\/2022\/06\/WhatsApp-Image-2022-06-20-at-21.41.57.jpeg\"><img loading=\"lazy\" decoding=\"async\" class=\"aligncenter size-medium wp-image-102759\" src=\"https:\/\/www.sudoestehoje.com.br\/novoportal\/wp-content\/uploads\/2022\/06\/WhatsApp-Image-2022-06-20-at-21.41.57-500x225.jpeg\" alt=\"\" width=\"500\" height=\"225\" srcset=\"https:\/\/www.sudoestehoje.com.br\/novoportal\/wp-content\/uploads\/2022\/06\/WhatsApp-Image-2022-06-20-at-21.41.57-500x225.jpeg 500w, https:\/\/www.sudoestehoje.com.br\/novoportal\/wp-content\/uploads\/2022\/06\/WhatsApp-Image-2022-06-20-at-21.41.57-700x315.jpeg 700w, https:\/\/www.sudoestehoje.com.br\/novoportal\/wp-content\/uploads\/2022\/06\/WhatsApp-Image-2022-06-20-at-21.41.57-768x346.jpeg 768w, https:\/\/www.sudoestehoje.com.br\/novoportal\/wp-content\/uploads\/2022\/06\/WhatsApp-Image-2022-06-20-at-21.41.57-1536x692.jpeg 1536w, https:\/\/www.sudoestehoje.com.br\/novoportal\/wp-content\/uploads\/2022\/06\/WhatsApp-Image-2022-06-20-at-21.41.57.jpeg 1600w\" sizes=\"auto, (max-width: 500px) 100vw, 500px\" \/><\/a><\/p>\n<p>A montagem da estrutura de palcos e barracas para a festa de S\u00e3o Jo\u00e3o de Itapetinga j\u00e1 est\u00e1 sendo finalizada no Parque Poliesportivo da Lagoa, devendo estar 100% pronta at\u00e9 o in\u00edcio dos festejos, na pr\u00f3xima quinta-feira ( 23).<\/p>\n<p>De acordo com a programa\u00e7\u00e3o da festa, se apresentar\u00e3o nos dois palcos armados no local, na abertura, as seguintes atra\u00e7\u00f5es: <strong>Peu do Acordeon, Pipoco do Trov\u00e3o, Kevi Jonny, Larissa Gomes <\/strong>e<strong> Caviar com Rapadura. <\/strong><em>Confira:<\/em><\/p>\n<p><a href=\"https:\/\/www.sudoestehoje.com.br\/novoportal\/wp-content\/uploads\/2022\/06\/WhatsApp-Image-2022-06-20-at-15.19.52-500x500-1.jpeg\"><img loading=\"lazy\" decoding=\"async\" class=\"aligncenter size-full wp-image-102760\" src=\"https:\/\/www.sudoestehoje.com.br\/novoportal\/wp-content\/uploads\/2022\/06\/WhatsApp-Image-2022-06-20-at-15.19.52-500x500-1.jpeg\" alt=\"\" width=\"500\" height=\"500\" srcset=\"https:\/\/www.sudoestehoje.com.br\/novoportal\/wp-content\/uploads\/2022\/06\/WhatsApp-Image-2022-06-20-at-15.19.52-500x500-1.jpeg 500w, https:\/\/www.sudoestehoje.com.br\/novoportal\/wp-content\/uploads\/2022\/06\/WhatsApp-Image-2022-06-20-at-15.19.52-500x500-1-150x150.jpeg 150w\" sizes=\"auto, (max-width: 500px) 100vw, 500px\" \/><\/a><\/p>\n<p><strong><em>Por Davi Ferraz<\/em><\/strong><\/p>\n","protected":false},"excerpt":{"rendered":"<p>A montagem da estrutura de palcos e barracas para a festa de S\u00e3o Jo\u00e3o de Itapetinga j\u00e1 est\u00e1 sendo finalizada no Parque Poliesportivo da Lagoa, devendo estar 100% pronta at\u00e9 o in\u00edcio dos festejos, na pr\u00f3xima quinta-feira ( 23). De acordo com a programa\u00e7\u00e3o da festa, se apresentar\u00e3o nos dois palcos armados no local, na [&hellip;]<\/p>\n","protected":false},"author":2,"featured_media":102759,"comment_status":"closed","ping_status":"open","sticky":false,"template":"","format":"standard","meta":{"footnotes":"","_links_to":"","_links_to_target":""},"categories":[1],"tags":[],"class_list":["post-102757","post","type-post","status-publish","format-standard","has-post-thumbnail","hentry","category-geral"],"views":2084,"_links":{"self":[{"href":"https:\/\/www.sudoestehoje.com.br\/novoportal\/wp-json\/wp\/v2\/posts\/102757","targetHints":{"allow":["GET"]}}],"collection":[{"href":"https:\/\/www.sudoestehoje.com.br\/novoportal\/wp-json\/wp\/v2\/posts"}],"about":[{"href":"https:\/\/www.sudoestehoje.com.br\/novoportal\/wp-json\/wp\/v2\/types\/post"}],"author":[{"embeddable":true,"href":"https:\/\/www.sudoestehoje.com.br\/novoportal\/wp-json\/wp\/v2\/users\/2"}],"replies":[{"embeddable":true,"href":"https:\/\/www.sudoestehoje.com.br\/novoportal\/wp-json\/wp\/v2\/comments?post=102757"}],"version-history":[{"count":3,"href":"https:\/\/www.sudoestehoje.com.br\/novoportal\/wp-json\/wp\/v2\/posts\/102757\/revisions"}],"predecessor-version":[{"id":102762,"href":"https:\/\/www.sudoestehoje.com.br\/novoportal\/wp-json\/wp\/v2\/posts\/102757\/revisions\/102762"}],"wp:featuredmedia":[{"embeddable":true,"href":"https:\/\/www.sudoestehoje.com.br\/novoportal\/wp-json\/wp\/v2\/media\/102759"}],"wp:attachment":[{"href":"https:\/\/www.sudoestehoje.com.br\/novoportal\/wp-json\/wp\/v2\/media?parent=102757"}],"wp:term":[{"taxonomy":"category","embeddable":true,"href":"https:\/\/www.sudoestehoje.com.br\/novoportal\/wp-json\/wp\/v2\/categories?post=102757"},{"taxonomy":"post_tag","embeddable":true,"href":"https:\/\/www.sudoestehoje.com.br\/novoportal\/wp-json\/wp\/v2\/tags?post=102757"}],"curies":[{"name":"wp","href":"https:\/\/api.w.org\/{rel}","templated":true}]}}