
{"id":102735,"date":"2022-06-18T15:43:02","date_gmt":"2022-06-18T18:43:02","guid":{"rendered":"https:\/\/www.sudoestehoje.com.br\/novoportal\/?p=102735"},"modified":"2022-06-18T18:52:15","modified_gmt":"2022-06-18T21:52:15","slug":"nota-de-falecimento-maria-etelvina-alves-ramos-dona-lurdes","status":"publish","type":"post","link":"https:\/\/www.sudoestehoje.com.br\/novoportal\/2022\/06\/18\/nota-de-falecimento-maria-etelvina-alves-ramos-dona-lurdes\/","title":{"rendered":"NOTA DE FALECIMENTO | MARIA ETELVINA ALVES RAMOS &#8220;DONA LURDES&#8221;"},"content":{"rendered":"<p><a href=\"https:\/\/www.sudoestehoje.com.br\/novoportal\/wp-content\/uploads\/2022\/06\/WhatsApp-Image-2022-06-18-at-16.03.05.jpeg\"><img loading=\"lazy\" decoding=\"async\" class=\"aligncenter size-medium wp-image-102736\" src=\"https:\/\/www.sudoestehoje.com.br\/novoportal\/wp-content\/uploads\/2022\/06\/WhatsApp-Image-2022-06-18-at-16.03.05-500x647.jpeg\" alt=\"\" width=\"500\" height=\"647\" srcset=\"https:\/\/www.sudoestehoje.com.br\/novoportal\/wp-content\/uploads\/2022\/06\/WhatsApp-Image-2022-06-18-at-16.03.05-500x647.jpeg 500w, https:\/\/www.sudoestehoje.com.br\/novoportal\/wp-content\/uploads\/2022\/06\/WhatsApp-Image-2022-06-18-at-16.03.05-695x900.jpeg 695w, https:\/\/www.sudoestehoje.com.br\/novoportal\/wp-content\/uploads\/2022\/06\/WhatsApp-Image-2022-06-18-at-16.03.05-768x994.jpeg 768w, https:\/\/www.sudoestehoje.com.br\/novoportal\/wp-content\/uploads\/2022\/06\/WhatsApp-Image-2022-06-18-at-16.03.05-1187x1536.jpeg 1187w, https:\/\/www.sudoestehoje.com.br\/novoportal\/wp-content\/uploads\/2022\/06\/WhatsApp-Image-2022-06-18-at-16.03.05.jpeg 1236w\" sizes=\"auto, (max-width: 500px) 100vw, 500px\" \/><\/a><\/p>\n<p>Faleceu neste s\u00e1bado, 18 de Junho, Maria Etelvina Alves Ramos, conhecida como Dona Lourdes., de causas naturais.<\/p>\n<p>Vi\u00fava de Vav\u00e1 Ramos e nascida em 22\/12\/1929, deixa seus filhos Janete Alves Ramos, Jailton Alves Ramos, Jairo Alves Ramos, C\u00e1ssio Alves Ramos, Jorge Alves Ramos (in memoriam) e tamb\u00e9m suas netas, que guardar\u00e3o saudades eternas.<\/p>\n<p>O vel\u00f3rio acontece a partir das 15h, na Pax Perfei\u00e7\u00e3o, e o enterro ocorrer\u00e1 \u00e0s 16h, no cemit\u00e9rio Parque da Eternidade, na Nova Itapetinga.<\/p>\n","protected":false},"excerpt":{"rendered":"<p>Faleceu neste s\u00e1bado, 18 de Junho, Maria Etelvina Alves Ramos, conhecida como Dona Lourdes., de causas naturais. Vi\u00fava de Vav\u00e1 Ramos e nascida em 22\/12\/1929, deixa seus filhos Janete Alves Ramos, Jailton Alves Ramos, Jairo Alves Ramos, C\u00e1ssio Alves Ramos, Jorge Alves Ramos (in memoriam) e tamb\u00e9m suas netas, que guardar\u00e3o saudades eternas. O vel\u00f3rio [&hellip;]<\/p>\n","protected":false},"author":2,"featured_media":102736,"comment_status":"open","ping_status":"open","sticky":false,"template":"","format":"standard","meta":{"footnotes":"","_links_to":"","_links_to_target":""},"categories":[1],"tags":[],"class_list":["post-102735","post","type-post","status-publish","format-standard","has-post-thumbnail","hentry","category-geral"],"views":1027,"_links":{"self":[{"href":"https:\/\/www.sudoestehoje.com.br\/novoportal\/wp-json\/wp\/v2\/posts\/102735","targetHints":{"allow":["GET"]}}],"collection":[{"href":"https:\/\/www.sudoestehoje.com.br\/novoportal\/wp-json\/wp\/v2\/posts"}],"about":[{"href":"https:\/\/www.sudoestehoje.com.br\/novoportal\/wp-json\/wp\/v2\/types\/post"}],"author":[{"embeddable":true,"href":"https:\/\/www.sudoestehoje.com.br\/novoportal\/wp-json\/wp\/v2\/users\/2"}],"replies":[{"embeddable":true,"href":"https:\/\/www.sudoestehoje.com.br\/novoportal\/wp-json\/wp\/v2\/comments?post=102735"}],"version-history":[{"count":1,"href":"https:\/\/www.sudoestehoje.com.br\/novoportal\/wp-json\/wp\/v2\/posts\/102735\/revisions"}],"predecessor-version":[{"id":102737,"href":"https:\/\/www.sudoestehoje.com.br\/novoportal\/wp-json\/wp\/v2\/posts\/102735\/revisions\/102737"}],"wp:featuredmedia":[{"embeddable":true,"href":"https:\/\/www.sudoestehoje.com.br\/novoportal\/wp-json\/wp\/v2\/media\/102736"}],"wp:attachment":[{"href":"https:\/\/www.sudoestehoje.com.br\/novoportal\/wp-json\/wp\/v2\/media?parent=102735"}],"wp:term":[{"taxonomy":"category","embeddable":true,"href":"https:\/\/www.sudoestehoje.com.br\/novoportal\/wp-json\/wp\/v2\/categories?post=102735"},{"taxonomy":"post_tag","embeddable":true,"href":"https:\/\/www.sudoestehoje.com.br\/novoportal\/wp-json\/wp\/v2\/tags?post=102735"}],"curies":[{"name":"wp","href":"https:\/\/api.w.org\/{rel}","templated":true}]}}