
{"id":102728,"date":"2022-06-18T15:27:54","date_gmt":"2022-06-18T18:27:54","guid":{"rendered":"https:\/\/www.sudoestehoje.com.br\/novoportal\/?p=102728"},"modified":"2022-06-18T18:54:52","modified_gmt":"2022-06-18T21:54:52","slug":"caatiba-urgente-tse-cassa-mandatos-de-4-vereadores-e-anula-todos-o-votos-do-psb","status":"publish","type":"post","link":"https:\/\/www.sudoestehoje.com.br\/novoportal\/2022\/06\/18\/caatiba-urgente-tse-cassa-mandatos-de-4-vereadores-e-anula-todos-o-votos-do-psb\/","title":{"rendered":"CAATIBA URGENTE! TSE CASSA MANDATOS DE 4 VEREADORES E ANULA TODOS O VOTOS DO PSB"},"content":{"rendered":"<p><a href=\"https:\/\/www.sudoestehoje.com.br\/novoportal\/wp-content\/uploads\/2022\/06\/Caatiba.jpg\"><img loading=\"lazy\" decoding=\"async\" class=\"aligncenter size-medium wp-image-102732\" src=\"https:\/\/www.sudoestehoje.com.br\/novoportal\/wp-content\/uploads\/2022\/06\/Caatiba-500x272.jpg\" alt=\"\" width=\"500\" height=\"272\" srcset=\"https:\/\/www.sudoestehoje.com.br\/novoportal\/wp-content\/uploads\/2022\/06\/Caatiba-500x272.jpg 500w, https:\/\/www.sudoestehoje.com.br\/novoportal\/wp-content\/uploads\/2022\/06\/Caatiba-700x381.jpg 700w, https:\/\/www.sudoestehoje.com.br\/novoportal\/wp-content\/uploads\/2022\/06\/Caatiba-768x419.jpg 768w, https:\/\/www.sudoestehoje.com.br\/novoportal\/wp-content\/uploads\/2022\/06\/Caatiba-1536x837.jpg 1536w, https:\/\/www.sudoestehoje.com.br\/novoportal\/wp-content\/uploads\/2022\/06\/Caatiba.jpg 2048w\" sizes=\"auto, (max-width: 500px) 100vw, 500px\" \/><\/a><\/p>\n<p>Em sess\u00e3o plen\u00e1ria realizada nesta sexta-feira (17), o Tribunal Superior Eleitoral &#8211; TSE decidiu anular por unanimidade todos os votos dados a legenda PSB no munic\u00edpio de Caatiba, no M\u00e9dio Sudoeste da Bahia, referentes \u00e0s elei\u00e7\u00f5es municipais de 2020, o que na pr\u00e1tica representa a perda dos mandatos de 4 vereadores do partido, eleitos naquele pleito.<\/p>\n<p>De acordo com a decis\u00e3o do TSE, o PSB local fraudou a<em> &#8216;cota de g\u00eaneros&#8217;<\/em>, inscrevendo na chapa proporcional as candidatas <strong>Maria das Gra\u00e7as Silva dos Santos Batista<\/strong> e <strong>Vanessa de Oliveira Santos<\/strong> para complementar a cota, mas que sequer participaram do pleito como verdadeiras candidatas, n\u00e3o distribu\u00edram propaganda eleitoral, nem pediram votos.<\/p>\n<p>Com a decis\u00e3o do TSE, todos os votos dados aos candidatos do PSB foram considerados nulos, o que levar\u00e1 a uma nova recontagem dos votos e aplica\u00e7\u00e3o da proporcionalidade com os votos considerados v\u00e1lidos dos demais partidos, exceto os do PSB.<\/p>\n<p><a href=\"https:\/\/www.sudoestehoje.com.br\/novoportal\/wp-content\/uploads\/2022\/06\/WhatsApp-Image-2022-06-18-at-15.05.48.jpeg\"><img loading=\"lazy\" decoding=\"async\" class=\"aligncenter size-medium wp-image-102738\" src=\"https:\/\/www.sudoestehoje.com.br\/novoportal\/wp-content\/uploads\/2022\/06\/WhatsApp-Image-2022-06-18-at-15.05.48-500x153.jpeg\" alt=\"\" width=\"500\" height=\"153\" srcset=\"https:\/\/www.sudoestehoje.com.br\/novoportal\/wp-content\/uploads\/2022\/06\/WhatsApp-Image-2022-06-18-at-15.05.48-500x153.jpeg 500w, https:\/\/www.sudoestehoje.com.br\/novoportal\/wp-content\/uploads\/2022\/06\/WhatsApp-Image-2022-06-18-at-15.05.48-700x214.jpeg 700w, https:\/\/www.sudoestehoje.com.br\/novoportal\/wp-content\/uploads\/2022\/06\/WhatsApp-Image-2022-06-18-at-15.05.48-768x235.jpeg 768w, https:\/\/www.sudoestehoje.com.br\/novoportal\/wp-content\/uploads\/2022\/06\/WhatsApp-Image-2022-06-18-at-15.05.48.jpeg 1027w\" sizes=\"auto, (max-width: 500px) 100vw, 500px\" \/><\/a><\/p>\n<p>Na pr\u00e1tica, perdem os mandatos os vereadores <strong>Renatinho, Tio Felipe, Bergue Dias <\/strong>e<strong> Dilson do Taxi<\/strong>, dentre outras consequ\u00eancias, como a perda dos direitos pol\u00edticos de todos os envolvidos e at\u00e9 de membros da chapa majorit\u00e1ria, caso sejam responsabilizados pelo fraude.<\/p>\n<p>A decis\u00e3o atinge em cheio o grupo oposicionista do Dr. Parlo Henrique, que lidera a legenda na cidade.<\/p>\n<p><strong><em>Por Davi Ferraz<\/em><\/strong><\/p>\n","protected":false},"excerpt":{"rendered":"<p>Em sess\u00e3o plen\u00e1ria realizada nesta sexta-feira (17), o Tribunal Superior Eleitoral &#8211; TSE decidiu anular por unanimidade todos os votos dados a legenda PSB no munic\u00edpio de Caatiba, no M\u00e9dio Sudoeste da Bahia, referentes \u00e0s elei\u00e7\u00f5es municipais de 2020, o que na pr\u00e1tica representa a perda dos mandatos de 4 vereadores do partido, eleitos naquele [&hellip;]<\/p>\n","protected":false},"author":2,"featured_media":102732,"comment_status":"open","ping_status":"open","sticky":false,"template":"","format":"standard","meta":{"footnotes":"","_links_to":"","_links_to_target":""},"categories":[1],"tags":[],"class_list":["post-102728","post","type-post","status-publish","format-standard","has-post-thumbnail","hentry","category-geral"],"views":3338,"_links":{"self":[{"href":"https:\/\/www.sudoestehoje.com.br\/novoportal\/wp-json\/wp\/v2\/posts\/102728","targetHints":{"allow":["GET"]}}],"collection":[{"href":"https:\/\/www.sudoestehoje.com.br\/novoportal\/wp-json\/wp\/v2\/posts"}],"about":[{"href":"https:\/\/www.sudoestehoje.com.br\/novoportal\/wp-json\/wp\/v2\/types\/post"}],"author":[{"embeddable":true,"href":"https:\/\/www.sudoestehoje.com.br\/novoportal\/wp-json\/wp\/v2\/users\/2"}],"replies":[{"embeddable":true,"href":"https:\/\/www.sudoestehoje.com.br\/novoportal\/wp-json\/wp\/v2\/comments?post=102728"}],"version-history":[{"count":4,"href":"https:\/\/www.sudoestehoje.com.br\/novoportal\/wp-json\/wp\/v2\/posts\/102728\/revisions"}],"predecessor-version":[{"id":102739,"href":"https:\/\/www.sudoestehoje.com.br\/novoportal\/wp-json\/wp\/v2\/posts\/102728\/revisions\/102739"}],"wp:featuredmedia":[{"embeddable":true,"href":"https:\/\/www.sudoestehoje.com.br\/novoportal\/wp-json\/wp\/v2\/media\/102732"}],"wp:attachment":[{"href":"https:\/\/www.sudoestehoje.com.br\/novoportal\/wp-json\/wp\/v2\/media?parent=102728"}],"wp:term":[{"taxonomy":"category","embeddable":true,"href":"https:\/\/www.sudoestehoje.com.br\/novoportal\/wp-json\/wp\/v2\/categories?post=102728"},{"taxonomy":"post_tag","embeddable":true,"href":"https:\/\/www.sudoestehoje.com.br\/novoportal\/wp-json\/wp\/v2\/tags?post=102728"}],"curies":[{"name":"wp","href":"https:\/\/api.w.org\/{rel}","templated":true}]}}