
{"id":102705,"date":"2022-06-16T12:39:21","date_gmt":"2022-06-16T15:39:21","guid":{"rendered":"https:\/\/www.sudoestehoje.com.br\/novoportal\/?p=102705"},"modified":"2022-06-16T12:39:21","modified_gmt":"2022-06-16T15:39:21","slug":"itapetinga-camara-de-vereadores-aprova-reajuste-salarial-dos-servidores","status":"publish","type":"post","link":"https:\/\/www.sudoestehoje.com.br\/novoportal\/2022\/06\/16\/itapetinga-camara-de-vereadores-aprova-reajuste-salarial-dos-servidores\/","title":{"rendered":"ITAPETINGA | C\u00c2MARA DE VEREADORES APROVA REAJUSTE SALARIAL DOS SERVIDORES"},"content":{"rendered":"<header>\n<div class=\"post-info\"><\/div>\n<\/header>\n<div id=\"content\" class=\"post-single-content box mark-links\">\n<p><img loading=\"lazy\" decoding=\"async\" class=\"size-full wp-image-4649 aligncenter entered lazyloaded\" src=\"https:\/\/www.itapetinga.ba.leg.br\/wp-content\/uploads\/2022\/06\/WhatsApp-Image-2022-06-16-at-10.53.22-1.jpeg\" sizes=\"auto, (max-width: 480px) 100vw, 480px\" srcset=\"https:\/\/www.itapetinga.ba.leg.br\/wp-content\/uploads\/2022\/06\/WhatsApp-Image-2022-06-16-at-10.53.22-1.jpeg 480w, https:\/\/www.itapetinga.ba.leg.br\/wp-content\/uploads\/2022\/06\/WhatsApp-Image-2022-06-16-at-10.53.22-1-300x300.jpeg 300w, https:\/\/www.itapetinga.ba.leg.br\/wp-content\/uploads\/2022\/06\/WhatsApp-Image-2022-06-16-at-10.53.22-1-150x150.jpeg 150w\" alt=\"\" width=\"480\" height=\"480\" data-lazy-srcset=\"https:\/\/www.itapetinga.ba.leg.br\/wp-content\/uploads\/2022\/06\/WhatsApp-Image-2022-06-16-at-10.53.22-1.jpeg 480w, https:\/\/www.itapetinga.ba.leg.br\/wp-content\/uploads\/2022\/06\/WhatsApp-Image-2022-06-16-at-10.53.22-1-300x300.jpeg 300w, https:\/\/www.itapetinga.ba.leg.br\/wp-content\/uploads\/2022\/06\/WhatsApp-Image-2022-06-16-at-10.53.22-1-150x150.jpeg 150w\" data-lazy-sizes=\"(max-width: 480px) 100vw, 480px\" data-lazy-src=\"https:\/\/www.itapetinga.ba.leg.br\/wp-content\/uploads\/2022\/06\/WhatsApp-Image-2022-06-16-at-10.53.22-1.jpeg\" data-ll-status=\"loaded\" \/><\/p>\n<p>A C\u00e2mara Municipal de Itapetinga aprovou, nesta quarta-feira (15), o Projeto de Lei N\u00ba 008\/2022, de autoria do Poder Executivo, que autoriza a Prefeitura Municipal a conceder reajuste salarial de 10,80% a todos os servidores p\u00fablicos municipais, com exce\u00e7\u00e3o dos professores e agentes de sa\u00fade e endemias.<\/p>\n<p>Al\u00e9m do reajuste salarial, o Projeto de Lei N\u00ba 008\/2022 prev\u00ea uma atualiza\u00e7\u00e3o no valor do cart\u00e3o alimenta\u00e7\u00e3o dos servidores efetivos, que passa a ser de R$ 300,00.<\/p>\n<p>Para agilizar o processo de discuss\u00e3o e vota\u00e7\u00e3o da mat\u00e9ria, o vereador Neto Ferraz (PSC) pediu dispensa de parecer e interst\u00edcio ao projeto e o vereador Tarug\u00e3o (MDB) solicitou a realiza\u00e7\u00e3o de duas sess\u00f5es por causa do ponto facultativo de quinta-feira (16). Com aprova\u00e7\u00e3o do Plen\u00e1rio, o projeto p\u00f4de ser votado em dois turnos no mesmo dia.<\/p>\n<p>Vale ressaltar que o reajuste dos servidores p\u00fablicos municipais foi aprovado por unanimidade dos vereadores. Os membros do Poder Legislativo discursaram sobre a valoriza\u00e7\u00e3o do servidor p\u00fablico e a import\u00e2ncia do trabalho desenvolvido por essa classe trabalhadora no munic\u00edpio.<\/p>\n<\/div>\n","protected":false},"excerpt":{"rendered":"<p>A C\u00e2mara Municipal de Itapetinga aprovou, nesta quarta-feira (15), o Projeto de Lei N\u00ba 008\/2022, de autoria do Poder Executivo, que autoriza a Prefeitura Municipal a conceder reajuste salarial de 10,80% a todos os servidores p\u00fablicos municipais, com exce\u00e7\u00e3o dos professores e agentes de sa\u00fade e endemias. Al\u00e9m do reajuste salarial, o Projeto de Lei [&hellip;]<\/p>\n","protected":false},"author":2,"featured_media":102706,"comment_status":"open","ping_status":"open","sticky":false,"template":"","format":"standard","meta":{"footnotes":"","_links_to":"","_links_to_target":""},"categories":[1],"tags":[],"class_list":["post-102705","post","type-post","status-publish","format-standard","has-post-thumbnail","hentry","category-geral"],"views":869,"_links":{"self":[{"href":"https:\/\/www.sudoestehoje.com.br\/novoportal\/wp-json\/wp\/v2\/posts\/102705","targetHints":{"allow":["GET"]}}],"collection":[{"href":"https:\/\/www.sudoestehoje.com.br\/novoportal\/wp-json\/wp\/v2\/posts"}],"about":[{"href":"https:\/\/www.sudoestehoje.com.br\/novoportal\/wp-json\/wp\/v2\/types\/post"}],"author":[{"embeddable":true,"href":"https:\/\/www.sudoestehoje.com.br\/novoportal\/wp-json\/wp\/v2\/users\/2"}],"replies":[{"embeddable":true,"href":"https:\/\/www.sudoestehoje.com.br\/novoportal\/wp-json\/wp\/v2\/comments?post=102705"}],"version-history":[{"count":2,"href":"https:\/\/www.sudoestehoje.com.br\/novoportal\/wp-json\/wp\/v2\/posts\/102705\/revisions"}],"predecessor-version":[{"id":102708,"href":"https:\/\/www.sudoestehoje.com.br\/novoportal\/wp-json\/wp\/v2\/posts\/102705\/revisions\/102708"}],"wp:featuredmedia":[{"embeddable":true,"href":"https:\/\/www.sudoestehoje.com.br\/novoportal\/wp-json\/wp\/v2\/media\/102706"}],"wp:attachment":[{"href":"https:\/\/www.sudoestehoje.com.br\/novoportal\/wp-json\/wp\/v2\/media?parent=102705"}],"wp:term":[{"taxonomy":"category","embeddable":true,"href":"https:\/\/www.sudoestehoje.com.br\/novoportal\/wp-json\/wp\/v2\/categories?post=102705"},{"taxonomy":"post_tag","embeddable":true,"href":"https:\/\/www.sudoestehoje.com.br\/novoportal\/wp-json\/wp\/v2\/tags?post=102705"}],"curies":[{"name":"wp","href":"https:\/\/api.w.org\/{rel}","templated":true}]}}