
{"id":102702,"date":"2022-06-16T10:58:12","date_gmt":"2022-06-16T13:58:12","guid":{"rendered":"https:\/\/www.sudoestehoje.com.br\/novoportal\/?p=102702"},"modified":"2022-06-16T10:58:12","modified_gmt":"2022-06-16T13:58:12","slug":"sesab-descarta-caso-suspeito-de-variola-dos-macacos-na-bahia","status":"publish","type":"post","link":"https:\/\/www.sudoestehoje.com.br\/novoportal\/2022\/06\/16\/sesab-descarta-caso-suspeito-de-variola-dos-macacos-na-bahia\/","title":{"rendered":"SESAB DESCARTA CASO SUSPEITO DE VAR\u00cdOLA DOS MACACOS NA BAHIA"},"content":{"rendered":"<p><a href=\"https:\/\/www.sudoestehoje.com.br\/novoportal\/wp-content\/uploads\/2022\/06\/49c1b945d3df915d0717f33b961eac48.jpg\"><img loading=\"lazy\" decoding=\"async\" class=\"aligncenter size-medium wp-image-102703\" src=\"https:\/\/www.sudoestehoje.com.br\/novoportal\/wp-content\/uploads\/2022\/06\/49c1b945d3df915d0717f33b961eac48-500x281.jpg\" alt=\"\" width=\"500\" height=\"281\" srcset=\"https:\/\/www.sudoestehoje.com.br\/novoportal\/wp-content\/uploads\/2022\/06\/49c1b945d3df915d0717f33b961eac48-500x281.jpg 500w, https:\/\/www.sudoestehoje.com.br\/novoportal\/wp-content\/uploads\/2022\/06\/49c1b945d3df915d0717f33b961eac48.jpg 608w\" sizes=\"auto, (max-width: 500px) 100vw, 500px\" \/><\/a><\/p>\n<p>A Secretaria Estadual de Sa\u00fade (Sesab) descartou na manh\u00e3 desta quinta-feira, 16,\u00a0o caso suspeito de var\u00edola do macaco na Bahia anunciado ontem pela pasta.\u00a0A situa\u00e7\u00e3o era investigada pelos centros de Informa\u00e7\u00f5es Estrat\u00e9gicas em Vigil\u00e2ncia em Sa\u00fade (Cievs) de Salvador e o da Bahia.<\/p>\n<p>O caso foi descartado ap\u00f3s o resultado do exame realizado no paciente ter sido divulgado na manh\u00e3 de hoje pelo laborat\u00f3rio de refer\u00eancia nacional.<\/p>\n<p>De acordo com a Sesab, a suspeita foi em um indiv\u00edduo residente na capital baiana que apresentou a tr\u00edade de sintomas da doen\u00e7a: febre alta de in\u00edcio s\u00fabito, adenomegalia e erup\u00e7\u00e3o cut\u00e2nea. Ele encontra-se internado em uma unidade hospitalar da rede privada, em Salvador.<\/p>\n","protected":false},"excerpt":{"rendered":"<p>A Secretaria Estadual de Sa\u00fade (Sesab) descartou na manh\u00e3 desta quinta-feira, 16,\u00a0o caso suspeito de var\u00edola do macaco na Bahia anunciado ontem pela pasta.\u00a0A situa\u00e7\u00e3o era investigada pelos centros de Informa\u00e7\u00f5es Estrat\u00e9gicas em Vigil\u00e2ncia em Sa\u00fade (Cievs) de Salvador e o da Bahia. O caso foi descartado ap\u00f3s o resultado do exame realizado no paciente [&hellip;]<\/p>\n","protected":false},"author":2,"featured_media":102703,"comment_status":"open","ping_status":"open","sticky":false,"template":"","format":"standard","meta":{"footnotes":"","_links_to":"","_links_to_target":""},"categories":[1],"tags":[],"class_list":["post-102702","post","type-post","status-publish","format-standard","has-post-thumbnail","hentry","category-geral"],"views":872,"_links":{"self":[{"href":"https:\/\/www.sudoestehoje.com.br\/novoportal\/wp-json\/wp\/v2\/posts\/102702","targetHints":{"allow":["GET"]}}],"collection":[{"href":"https:\/\/www.sudoestehoje.com.br\/novoportal\/wp-json\/wp\/v2\/posts"}],"about":[{"href":"https:\/\/www.sudoestehoje.com.br\/novoportal\/wp-json\/wp\/v2\/types\/post"}],"author":[{"embeddable":true,"href":"https:\/\/www.sudoestehoje.com.br\/novoportal\/wp-json\/wp\/v2\/users\/2"}],"replies":[{"embeddable":true,"href":"https:\/\/www.sudoestehoje.com.br\/novoportal\/wp-json\/wp\/v2\/comments?post=102702"}],"version-history":[{"count":1,"href":"https:\/\/www.sudoestehoje.com.br\/novoportal\/wp-json\/wp\/v2\/posts\/102702\/revisions"}],"predecessor-version":[{"id":102704,"href":"https:\/\/www.sudoestehoje.com.br\/novoportal\/wp-json\/wp\/v2\/posts\/102702\/revisions\/102704"}],"wp:featuredmedia":[{"embeddable":true,"href":"https:\/\/www.sudoestehoje.com.br\/novoportal\/wp-json\/wp\/v2\/media\/102703"}],"wp:attachment":[{"href":"https:\/\/www.sudoestehoje.com.br\/novoportal\/wp-json\/wp\/v2\/media?parent=102702"}],"wp:term":[{"taxonomy":"category","embeddable":true,"href":"https:\/\/www.sudoestehoje.com.br\/novoportal\/wp-json\/wp\/v2\/categories?post=102702"},{"taxonomy":"post_tag","embeddable":true,"href":"https:\/\/www.sudoestehoje.com.br\/novoportal\/wp-json\/wp\/v2\/tags?post=102702"}],"curies":[{"name":"wp","href":"https:\/\/api.w.org\/{rel}","templated":true}]}}