
{"id":102699,"date":"2022-06-16T10:36:39","date_gmt":"2022-06-16T13:36:39","guid":{"rendered":"https:\/\/www.sudoestehoje.com.br\/novoportal\/?p=102699"},"modified":"2022-06-16T10:36:39","modified_gmt":"2022-06-16T13:36:39","slug":"itapetinga-prefeitura-antecipa-metade-do-13o-do-pessoal-da-educacao","status":"publish","type":"post","link":"https:\/\/www.sudoestehoje.com.br\/novoportal\/2022\/06\/16\/itapetinga-prefeitura-antecipa-metade-do-13o-do-pessoal-da-educacao\/","title":{"rendered":"ITAPETINGA | PREFEITURA ANTECIPA METADE DO 13\u00ba DO PESSOAL DA EDUCA\u00c7\u00c3O"},"content":{"rendered":"<p><a href=\"https:\/\/www.sudoestehoje.com.br\/novoportal\/wp-content\/uploads\/2022\/06\/WhatsApp-Image-2022-06-16-at-10.26.42.jpeg\"><img loading=\"lazy\" decoding=\"async\" class=\"aligncenter size-medium wp-image-102700\" src=\"https:\/\/www.sudoestehoje.com.br\/novoportal\/wp-content\/uploads\/2022\/06\/WhatsApp-Image-2022-06-16-at-10.26.42-500x500.jpeg\" alt=\"\" width=\"500\" height=\"500\" srcset=\"https:\/\/www.sudoestehoje.com.br\/novoportal\/wp-content\/uploads\/2022\/06\/WhatsApp-Image-2022-06-16-at-10.26.42-500x500.jpeg 500w, https:\/\/www.sudoestehoje.com.br\/novoportal\/wp-content\/uploads\/2022\/06\/WhatsApp-Image-2022-06-16-at-10.26.42-700x700.jpeg 700w, https:\/\/www.sudoestehoje.com.br\/novoportal\/wp-content\/uploads\/2022\/06\/WhatsApp-Image-2022-06-16-at-10.26.42-150x150.jpeg 150w, https:\/\/www.sudoestehoje.com.br\/novoportal\/wp-content\/uploads\/2022\/06\/WhatsApp-Image-2022-06-16-at-10.26.42-768x768.jpeg 768w, https:\/\/www.sudoestehoje.com.br\/novoportal\/wp-content\/uploads\/2022\/06\/WhatsApp-Image-2022-06-16-at-10.26.42.jpeg 842w\" sizes=\"auto, (max-width: 500px) 100vw, 500px\" \/><\/a><\/p>\n<p>A Secretaria de Educa\u00e7\u00e3o antecipou, nesta quinta-feira, 16, a metade do 13 sal\u00e1rio dos funcion\u00e1rios da rede municipal que fazem anivers\u00e1rio de junho a dezembro.<\/p>\n<p>Al\u00e9m de valorizar o trabalhador, a antecipa\u00e7\u00e3o aquece a economia \u00e0s v\u00e9speras dos festejos de S\u00e3o Jo\u00e3o.<\/p>\n<p>As festas juninas s\u00e3o a terceira melhor data para o com\u00e9rcio de Itapetinga, ficando atr\u00e1s apenas do Natal e Dia das M\u00e3es. <em>&#8220;Ao antecipar o 13 sal\u00e1rio dos funcion\u00e1rios da educa\u00e7\u00e3o, a prefeitura injeta na economia local mais 500 mil reais, o que, certamente far\u00e1 dessa retomada dos festejos juninos, ap\u00f3s dois anos de pandemia, um momento ainda mais promissor para o munic\u00edpio e para a economia local&#8221;<\/em>, disse o secret\u00e1rio de finan\u00e7as, Orlando Ribeiro.<\/p>\n","protected":false},"excerpt":{"rendered":"<p>A Secretaria de Educa\u00e7\u00e3o antecipou, nesta quinta-feira, 16, a metade do 13 sal\u00e1rio dos funcion\u00e1rios da rede municipal que fazem anivers\u00e1rio de junho a dezembro. Al\u00e9m de valorizar o trabalhador, a antecipa\u00e7\u00e3o aquece a economia \u00e0s v\u00e9speras dos festejos de S\u00e3o Jo\u00e3o. As festas juninas s\u00e3o a terceira melhor data para o com\u00e9rcio de Itapetinga, [&hellip;]<\/p>\n","protected":false},"author":2,"featured_media":102700,"comment_status":"open","ping_status":"open","sticky":false,"template":"","format":"standard","meta":{"footnotes":"","_links_to":"","_links_to_target":""},"categories":[1],"tags":[],"class_list":["post-102699","post","type-post","status-publish","format-standard","has-post-thumbnail","hentry","category-geral"],"views":790,"_links":{"self":[{"href":"https:\/\/www.sudoestehoje.com.br\/novoportal\/wp-json\/wp\/v2\/posts\/102699","targetHints":{"allow":["GET"]}}],"collection":[{"href":"https:\/\/www.sudoestehoje.com.br\/novoportal\/wp-json\/wp\/v2\/posts"}],"about":[{"href":"https:\/\/www.sudoestehoje.com.br\/novoportal\/wp-json\/wp\/v2\/types\/post"}],"author":[{"embeddable":true,"href":"https:\/\/www.sudoestehoje.com.br\/novoportal\/wp-json\/wp\/v2\/users\/2"}],"replies":[{"embeddable":true,"href":"https:\/\/www.sudoestehoje.com.br\/novoportal\/wp-json\/wp\/v2\/comments?post=102699"}],"version-history":[{"count":1,"href":"https:\/\/www.sudoestehoje.com.br\/novoportal\/wp-json\/wp\/v2\/posts\/102699\/revisions"}],"predecessor-version":[{"id":102701,"href":"https:\/\/www.sudoestehoje.com.br\/novoportal\/wp-json\/wp\/v2\/posts\/102699\/revisions\/102701"}],"wp:featuredmedia":[{"embeddable":true,"href":"https:\/\/www.sudoestehoje.com.br\/novoportal\/wp-json\/wp\/v2\/media\/102700"}],"wp:attachment":[{"href":"https:\/\/www.sudoestehoje.com.br\/novoportal\/wp-json\/wp\/v2\/media?parent=102699"}],"wp:term":[{"taxonomy":"category","embeddable":true,"href":"https:\/\/www.sudoestehoje.com.br\/novoportal\/wp-json\/wp\/v2\/categories?post=102699"},{"taxonomy":"post_tag","embeddable":true,"href":"https:\/\/www.sudoestehoje.com.br\/novoportal\/wp-json\/wp\/v2\/tags?post=102699"}],"curies":[{"name":"wp","href":"https:\/\/api.w.org\/{rel}","templated":true}]}}