
{"id":102689,"date":"2022-06-15T19:21:54","date_gmt":"2022-06-15T22:21:54","guid":{"rendered":"https:\/\/www.sudoestehoje.com.br\/novoportal\/?p=102689"},"modified":"2022-06-15T19:21:54","modified_gmt":"2022-06-15T22:21:54","slug":"bahia-registra-primeiro-caso-suspeito-de-variola-dos-macacos","status":"publish","type":"post","link":"https:\/\/www.sudoestehoje.com.br\/novoportal\/2022\/06\/15\/bahia-registra-primeiro-caso-suspeito-de-variola-dos-macacos\/","title":{"rendered":"BAHIA REGISTRA PRIMEIRO CASO SUSPEITO DE VAR\u00cdOLA DOS MACACOS"},"content":{"rendered":"<p><a href=\"https:\/\/www.sudoestehoje.com.br\/novoportal\/wp-content\/uploads\/2022\/06\/portaldoholanda-variola-macacos-1158847.jpeg\"><img loading=\"lazy\" decoding=\"async\" class=\"aligncenter size-medium wp-image-102691\" src=\"https:\/\/www.sudoestehoje.com.br\/novoportal\/wp-content\/uploads\/2022\/06\/portaldoholanda-variola-macacos-1158847-500x281.jpeg\" alt=\"\" width=\"500\" height=\"281\" srcset=\"https:\/\/www.sudoestehoje.com.br\/novoportal\/wp-content\/uploads\/2022\/06\/portaldoholanda-variola-macacos-1158847-500x281.jpeg 500w, https:\/\/www.sudoestehoje.com.br\/novoportal\/wp-content\/uploads\/2022\/06\/portaldoholanda-variola-macacos-1158847-700x394.jpeg 700w, https:\/\/www.sudoestehoje.com.br\/novoportal\/wp-content\/uploads\/2022\/06\/portaldoholanda-variola-macacos-1158847.jpeg 750w\" sizes=\"auto, (max-width: 500px) 100vw, 500px\" \/><\/a><\/p>\n<p>A Secretaria da Sa\u00fade do Estado da Bahia (Sesab) informou no fim da tarde desta quarta-feira (15) que os centros de Informa\u00e7\u00f5es Estrat\u00e9gicas em Vigil\u00e2ncia em Sa\u00fade (Cievs) de Salvador e o da Bahia acompanham o primeiro caso suspeito da doen\u00e7a causada pelo v\u00edrus Monkeypox (conhecida como var\u00edola do macaco).<\/p>\n<p>O indiv\u00edduo residente na capital baiana foi internado com a tr\u00edade de sintomas da doen\u00e7a: febre alta de in\u00edcio s\u00fabito, adenomegalia e erup\u00e7\u00e3o cut\u00e2nea. Ele est\u00e1 internado em unidade hospitalar da rede privada, em Salvador.<\/p>\n<p>Ainda de acordo com a Sesab, a amostra foi enviada ao Laborat\u00f3rio Central de Sa\u00fade P\u00fablica da Bahia (Lacen-BA), que encaminhou para a refer\u00eancia nacional. N\u00e3o h\u00e1 previs\u00e3o de resultado laboratorial.<\/p>\n<p>Monkeypox \u00e9 uma zoonose viral, do g\u00eanero Orthopoxvirus, da fam\u00edlia Poxviridae, que se assemelha \u00e0 var\u00edola humana, erradicada em 1980. A doen\u00e7a causa com febre, dor de cabe\u00e7a, dores musculares, dores nas costas, adenomegalia, calafrios e exaust\u00e3o.<\/p>\n<p>A infec\u00e7\u00e3o \u00e9 autolimitada com sintomas que duram de 2 a 4 semanas, podendo ser dividida em dois per\u00edodos: invas\u00e3o, que dura entre 0 e 5 dias, com febre, cefaleia, mialgia, dor das costas e astenia intensa. A erup\u00e7\u00e3o cut\u00e2nea come\u00e7a entre 1 e 3 dias ap\u00f3s o aparecimento da febre, e tem caracter\u00edsticas cl\u00ednicas semelhantes com varicela ou s\u00edfilis, com diferen\u00e7a na evolu\u00e7\u00e3o uniforme das les\u00f5es.<\/p>\n","protected":false},"excerpt":{"rendered":"<p>A Secretaria da Sa\u00fade do Estado da Bahia (Sesab) informou no fim da tarde desta quarta-feira (15) que os centros de Informa\u00e7\u00f5es Estrat\u00e9gicas em Vigil\u00e2ncia em Sa\u00fade (Cievs) de Salvador e o da Bahia acompanham o primeiro caso suspeito da doen\u00e7a causada pelo v\u00edrus Monkeypox (conhecida como var\u00edola do macaco). O indiv\u00edduo residente na capital [&hellip;]<\/p>\n","protected":false},"author":2,"featured_media":102691,"comment_status":"open","ping_status":"open","sticky":false,"template":"","format":"standard","meta":{"footnotes":"","_links_to":"","_links_to_target":""},"categories":[1],"tags":[],"class_list":["post-102689","post","type-post","status-publish","format-standard","has-post-thumbnail","hentry","category-geral"],"views":960,"_links":{"self":[{"href":"https:\/\/www.sudoestehoje.com.br\/novoportal\/wp-json\/wp\/v2\/posts\/102689","targetHints":{"allow":["GET"]}}],"collection":[{"href":"https:\/\/www.sudoestehoje.com.br\/novoportal\/wp-json\/wp\/v2\/posts"}],"about":[{"href":"https:\/\/www.sudoestehoje.com.br\/novoportal\/wp-json\/wp\/v2\/types\/post"}],"author":[{"embeddable":true,"href":"https:\/\/www.sudoestehoje.com.br\/novoportal\/wp-json\/wp\/v2\/users\/2"}],"replies":[{"embeddable":true,"href":"https:\/\/www.sudoestehoje.com.br\/novoportal\/wp-json\/wp\/v2\/comments?post=102689"}],"version-history":[{"count":2,"href":"https:\/\/www.sudoestehoje.com.br\/novoportal\/wp-json\/wp\/v2\/posts\/102689\/revisions"}],"predecessor-version":[{"id":102692,"href":"https:\/\/www.sudoestehoje.com.br\/novoportal\/wp-json\/wp\/v2\/posts\/102689\/revisions\/102692"}],"wp:featuredmedia":[{"embeddable":true,"href":"https:\/\/www.sudoestehoje.com.br\/novoportal\/wp-json\/wp\/v2\/media\/102691"}],"wp:attachment":[{"href":"https:\/\/www.sudoestehoje.com.br\/novoportal\/wp-json\/wp\/v2\/media?parent=102689"}],"wp:term":[{"taxonomy":"category","embeddable":true,"href":"https:\/\/www.sudoestehoje.com.br\/novoportal\/wp-json\/wp\/v2\/categories?post=102689"},{"taxonomy":"post_tag","embeddable":true,"href":"https:\/\/www.sudoestehoje.com.br\/novoportal\/wp-json\/wp\/v2\/tags?post=102689"}],"curies":[{"name":"wp","href":"https:\/\/api.w.org\/{rel}","templated":true}]}}