
{"id":102682,"date":"2022-06-15T17:02:25","date_gmt":"2022-06-15T20:02:25","guid":{"rendered":"https:\/\/www.sudoestehoje.com.br\/novoportal\/?p=102682"},"modified":"2022-06-15T19:13:27","modified_gmt":"2022-06-15T22:13:27","slug":"itapetinga-aumento-dos-servidores-deve-ser-aprovado-nesta-quarta-se-a-oposicao-nao-obstruir-votacao","status":"publish","type":"post","link":"https:\/\/www.sudoestehoje.com.br\/novoportal\/2022\/06\/15\/itapetinga-aumento-dos-servidores-deve-ser-aprovado-nesta-quarta-se-a-oposicao-nao-obstruir-votacao\/","title":{"rendered":"ITAPETINGA | AUMENTO DOS SERVIDORES DEVE SER APROVADO NESTA QUARTA, SE A OPOSI\u00c7\u00c3O N\u00c3O OBSTRUIR VOTA\u00c7\u00c3O"},"content":{"rendered":"<p><a href=\"https:\/\/www.sudoestehoje.com.br\/novoportal\/wp-content\/uploads\/2022\/06\/WhatsApp-Image-2022-06-15-at-16.28.21.jpeg\"><img loading=\"lazy\" decoding=\"async\" class=\"aligncenter size-medium wp-image-102684\" src=\"https:\/\/www.sudoestehoje.com.br\/novoportal\/wp-content\/uploads\/2022\/06\/WhatsApp-Image-2022-06-15-at-16.28.21-500x321.jpeg\" alt=\"\" width=\"500\" height=\"321\" srcset=\"https:\/\/www.sudoestehoje.com.br\/novoportal\/wp-content\/uploads\/2022\/06\/WhatsApp-Image-2022-06-15-at-16.28.21-500x321.jpeg 500w, https:\/\/www.sudoestehoje.com.br\/novoportal\/wp-content\/uploads\/2022\/06\/WhatsApp-Image-2022-06-15-at-16.28.21-700x449.jpeg 700w, https:\/\/www.sudoestehoje.com.br\/novoportal\/wp-content\/uploads\/2022\/06\/WhatsApp-Image-2022-06-15-at-16.28.21-768x493.jpeg 768w, https:\/\/www.sudoestehoje.com.br\/novoportal\/wp-content\/uploads\/2022\/06\/WhatsApp-Image-2022-06-15-at-16.28.21.jpeg 1384w\" sizes=\"auto, (max-width: 500px) 100vw, 500px\" \/><\/a><\/p>\n<p>Um impasse foi criado na c\u00e2mara de vereadores de Itapetinga, quando a vereadora petista Sibele Nery obstruiu a pauta de vota\u00e7\u00e3o, por duas vezes, na semana passada, a aprova\u00e7\u00e3o do projeto de lei que concede aumento de mais de 10% para os servidores municipais, revoltando o funcionalismo p\u00fablico e at\u00e9 o sindicato da categoria, que j\u00e1 havia pactuado o percentual do aumento com a administra\u00e7\u00e3o municipal.<\/p>\n<p><strong>MAL EXPLICADO<\/strong><\/p>\n<p>O posicionamento revoltante da vereadora Sibele deu o que falar durante toda a semana, o que levou a parlamentar a tentar se explicar atrav\u00e9s de um v\u00eddeo postado nas redes sociais, contendo informa\u00e7\u00f5es equivocadas e superficiais, taxadas de FAKE NEWS, o que s\u00f3 fez piorar a sua situa\u00e7\u00e3o diante do quase 2 mil servidores que aguardam o reajuste salarial, com ansiedade. <em>&#8220;A emenda foi pior do que o soneto&#8221;<\/em>, como diz o ditado.<\/p>\n<p><strong>REAJUSTE IGUAL PARA TODOS E AUXILIO ALIMENTA\u00c7\u00c3O<\/strong><\/p>\n<p>Um dos argumentos da vereadora seria a exclus\u00e3o de algumas categorias, entretanto o texto da lei \u00e9 claro e assegura o reajuste de 10,8% a todos, exceto o pessoal da educa\u00e7\u00e3o e agentes de sa\u00fade, que j\u00e1 foram beneficiados. Al\u00e9m do reajuste salarial, o projeto prev\u00ea uma atualiza\u00e7\u00e3o do Auxilio Alimenta\u00e7\u00e3o para R$ 300 reais.<\/p>\n<p><strong>VOTA\u00c7\u00c3O NESTA QUARTA \u00c9 IMPERATIVA<\/strong><\/p>\n<p>Se depender da Mesa Diretora da C\u00e2mara e da bancada majorit\u00e1ria de situa\u00e7\u00e3o, o projeto de aumento dos servidores ser\u00e1 votado nesta quarta (15), em 2 sess\u00f5es, caso n\u00e3o haja nenhum outro artif\u00edcio protelat\u00f3rio da bancada minorit\u00e1ria de oposi\u00e7\u00e3o, que manipula com maestria a vereadora Sibele e outros incautos do g\u00eanero, com outros fins.<\/p>\n<p><strong><em>Por Davi Ferraz\u00a0<\/em><\/strong><\/p>\n","protected":false},"excerpt":{"rendered":"<p>Um impasse foi criado na c\u00e2mara de vereadores de Itapetinga, quando a vereadora petista Sibele Nery obstruiu a pauta de vota\u00e7\u00e3o, por duas vezes, na semana passada, a aprova\u00e7\u00e3o do projeto de lei que concede aumento de mais de 10% para os servidores municipais, revoltando o funcionalismo p\u00fablico e at\u00e9 o sindicato da categoria, que [&hellip;]<\/p>\n","protected":false},"author":2,"featured_media":102684,"comment_status":"open","ping_status":"open","sticky":false,"template":"","format":"standard","meta":{"footnotes":"","_links_to":"","_links_to_target":""},"categories":[1],"tags":[],"class_list":["post-102682","post","type-post","status-publish","format-standard","has-post-thumbnail","hentry","category-geral"],"views":865,"_links":{"self":[{"href":"https:\/\/www.sudoestehoje.com.br\/novoportal\/wp-json\/wp\/v2\/posts\/102682","targetHints":{"allow":["GET"]}}],"collection":[{"href":"https:\/\/www.sudoestehoje.com.br\/novoportal\/wp-json\/wp\/v2\/posts"}],"about":[{"href":"https:\/\/www.sudoestehoje.com.br\/novoportal\/wp-json\/wp\/v2\/types\/post"}],"author":[{"embeddable":true,"href":"https:\/\/www.sudoestehoje.com.br\/novoportal\/wp-json\/wp\/v2\/users\/2"}],"replies":[{"embeddable":true,"href":"https:\/\/www.sudoestehoje.com.br\/novoportal\/wp-json\/wp\/v2\/comments?post=102682"}],"version-history":[{"count":5,"href":"https:\/\/www.sudoestehoje.com.br\/novoportal\/wp-json\/wp\/v2\/posts\/102682\/revisions"}],"predecessor-version":[{"id":102688,"href":"https:\/\/www.sudoestehoje.com.br\/novoportal\/wp-json\/wp\/v2\/posts\/102682\/revisions\/102688"}],"wp:featuredmedia":[{"embeddable":true,"href":"https:\/\/www.sudoestehoje.com.br\/novoportal\/wp-json\/wp\/v2\/media\/102684"}],"wp:attachment":[{"href":"https:\/\/www.sudoestehoje.com.br\/novoportal\/wp-json\/wp\/v2\/media?parent=102682"}],"wp:term":[{"taxonomy":"category","embeddable":true,"href":"https:\/\/www.sudoestehoje.com.br\/novoportal\/wp-json\/wp\/v2\/categories?post=102682"},{"taxonomy":"post_tag","embeddable":true,"href":"https:\/\/www.sudoestehoje.com.br\/novoportal\/wp-json\/wp\/v2\/tags?post=102682"}],"curies":[{"name":"wp","href":"https:\/\/api.w.org\/{rel}","templated":true}]}}