
{"id":102673,"date":"2022-06-14T11:29:26","date_gmt":"2022-06-14T14:29:26","guid":{"rendered":"https:\/\/www.sudoestehoje.com.br\/novoportal\/?p=102673"},"modified":"2022-06-14T11:29:26","modified_gmt":"2022-06-14T14:29:26","slug":"bolsonaro-lidera-pesquisa-em-santa-catarina-com-451-contra-29-de-lula","status":"publish","type":"post","link":"https:\/\/www.sudoestehoje.com.br\/novoportal\/2022\/06\/14\/bolsonaro-lidera-pesquisa-em-santa-catarina-com-451-contra-29-de-lula\/","title":{"rendered":"BOLSONARO LIDERA PESQUISA EM SANTA CATARINA COM 45,1% CONTRA 29% DE LULA"},"content":{"rendered":"<p><a href=\"https:\/\/www.sudoestehoje.com.br\/novoportal\/wp-content\/uploads\/2022\/06\/bolsonaro-lula-2022-970x550-1.jpg\"><img loading=\"lazy\" decoding=\"async\" class=\"aligncenter size-medium wp-image-102675\" src=\"https:\/\/www.sudoestehoje.com.br\/novoportal\/wp-content\/uploads\/2022\/06\/bolsonaro-lula-2022-970x550-1-500x284.jpg\" alt=\"\" width=\"500\" height=\"284\" srcset=\"https:\/\/www.sudoestehoje.com.br\/novoportal\/wp-content\/uploads\/2022\/06\/bolsonaro-lula-2022-970x550-1-500x284.jpg 500w, https:\/\/www.sudoestehoje.com.br\/novoportal\/wp-content\/uploads\/2022\/06\/bolsonaro-lula-2022-970x550-1-700x397.jpg 700w, https:\/\/www.sudoestehoje.com.br\/novoportal\/wp-content\/uploads\/2022\/06\/bolsonaro-lula-2022-970x550-1-768x435.jpg 768w, https:\/\/www.sudoestehoje.com.br\/novoportal\/wp-content\/uploads\/2022\/06\/bolsonaro-lula-2022-970x550-1.jpg 970w\" sizes=\"auto, (max-width: 500px) 100vw, 500px\" \/><\/a><\/p>\n<p>Levantamento do instituto Paran\u00e1 Pesquisa, divulgado nesta ter\u00e7a-feira (14), aponta que o presidente Jair Bolsonaro (PL) lidera as inten\u00e7\u00f5es de voto no estado de Santa Catarina com 45,1% seguido pelo petista Lula com 29%, no cen\u00e1rio estimulado da pesquisa. O pr\u00e9-candidato do PDT Ciro Gomes aparece com 6,2%, Vera L\u00facia (PSTU) com 1,6% e Simone Tebet (MDB), 1,4%.<\/p>\n<p>Todos os outros candidatos n\u00e3o atingiram 1%.<\/p>\n<p>Bolsonaro tamb\u00e9m lidera o cen\u00e1rio espont\u00e2neo do levantamento, onde os nomes dos candidatos n\u00e3o s\u00e3o apresentados aos entrevistados, com 31,2%. Lula \u00e9 o segundo colocado com 18,3% e Ciro, o terceiro, tem 1,2%. Os demais candidatos n\u00e3o chegaram a 1%.<\/p>\n<p>O Paran\u00e1 Pesquisa ouviu 1.540 eleitores em 62 munic\u00edpios de Santa Catarina, entre os dias 9 e 13 de junho de 2022. O levantamento foi registrado no Tribunal Superior Eleitoral (TSE) sob o n\u00famero BR-02099\/2022.<\/p>\n","protected":false},"excerpt":{"rendered":"<p>Levantamento do instituto Paran\u00e1 Pesquisa, divulgado nesta ter\u00e7a-feira (14), aponta que o presidente Jair Bolsonaro (PL) lidera as inten\u00e7\u00f5es de voto no estado de Santa Catarina com 45,1% seguido pelo petista Lula com 29%, no cen\u00e1rio estimulado da pesquisa. O pr\u00e9-candidato do PDT Ciro Gomes aparece com 6,2%, Vera L\u00facia (PSTU) com 1,6% e Simone [&hellip;]<\/p>\n","protected":false},"author":2,"featured_media":102675,"comment_status":"open","ping_status":"open","sticky":false,"template":"","format":"standard","meta":{"footnotes":"","_links_to":"","_links_to_target":""},"categories":[1],"tags":[],"class_list":["post-102673","post","type-post","status-publish","format-standard","has-post-thumbnail","hentry","category-geral"],"views":1089,"_links":{"self":[{"href":"https:\/\/www.sudoestehoje.com.br\/novoportal\/wp-json\/wp\/v2\/posts\/102673","targetHints":{"allow":["GET"]}}],"collection":[{"href":"https:\/\/www.sudoestehoje.com.br\/novoportal\/wp-json\/wp\/v2\/posts"}],"about":[{"href":"https:\/\/www.sudoestehoje.com.br\/novoportal\/wp-json\/wp\/v2\/types\/post"}],"author":[{"embeddable":true,"href":"https:\/\/www.sudoestehoje.com.br\/novoportal\/wp-json\/wp\/v2\/users\/2"}],"replies":[{"embeddable":true,"href":"https:\/\/www.sudoestehoje.com.br\/novoportal\/wp-json\/wp\/v2\/comments?post=102673"}],"version-history":[{"count":2,"href":"https:\/\/www.sudoestehoje.com.br\/novoportal\/wp-json\/wp\/v2\/posts\/102673\/revisions"}],"predecessor-version":[{"id":102676,"href":"https:\/\/www.sudoestehoje.com.br\/novoportal\/wp-json\/wp\/v2\/posts\/102673\/revisions\/102676"}],"wp:featuredmedia":[{"embeddable":true,"href":"https:\/\/www.sudoestehoje.com.br\/novoportal\/wp-json\/wp\/v2\/media\/102675"}],"wp:attachment":[{"href":"https:\/\/www.sudoestehoje.com.br\/novoportal\/wp-json\/wp\/v2\/media?parent=102673"}],"wp:term":[{"taxonomy":"category","embeddable":true,"href":"https:\/\/www.sudoestehoje.com.br\/novoportal\/wp-json\/wp\/v2\/categories?post=102673"},{"taxonomy":"post_tag","embeddable":true,"href":"https:\/\/www.sudoestehoje.com.br\/novoportal\/wp-json\/wp\/v2\/tags?post=102673"}],"curies":[{"name":"wp","href":"https:\/\/api.w.org\/{rel}","templated":true}]}}