
{"id":102665,"date":"2022-06-14T10:48:51","date_gmt":"2022-06-14T13:48:51","guid":{"rendered":"https:\/\/www.sudoestehoje.com.br\/novoportal\/?p=102665"},"modified":"2022-06-14T10:48:51","modified_gmt":"2022-06-14T13:48:51","slug":"camara-de-itapetinga-adianta-primeira-parcela-do-13o-dos-servidores","status":"publish","type":"post","link":"https:\/\/www.sudoestehoje.com.br\/novoportal\/2022\/06\/14\/camara-de-itapetinga-adianta-primeira-parcela-do-13o-dos-servidores\/","title":{"rendered":"CAMARA DE ITAPETINGA ADIANTA PRIMEIRA PARCELA DO 13\u00ba DOS SERVIDORES"},"content":{"rendered":"<p><a href=\"https:\/\/www.sudoestehoje.com.br\/novoportal\/wp-content\/uploads\/2022\/06\/WhatsApp-Image-2022-06-13-at-13.22.51.jpeg\"><img loading=\"lazy\" decoding=\"async\" class=\"aligncenter size-full wp-image-102667\" src=\"https:\/\/www.sudoestehoje.com.br\/novoportal\/wp-content\/uploads\/2022\/06\/WhatsApp-Image-2022-06-13-at-13.22.51.jpeg\" alt=\"\" width=\"480\" height=\"480\" srcset=\"https:\/\/www.sudoestehoje.com.br\/novoportal\/wp-content\/uploads\/2022\/06\/WhatsApp-Image-2022-06-13-at-13.22.51.jpeg 480w, https:\/\/www.sudoestehoje.com.br\/novoportal\/wp-content\/uploads\/2022\/06\/WhatsApp-Image-2022-06-13-at-13.22.51-150x150.jpeg 150w\" sizes=\"auto, (max-width: 480px) 100vw, 480px\" \/><\/a><\/p>\n<p>A C\u00e2mara Municipal de Itapetinga pagou, nesta segunda-feira (13), a primeira parcela do d\u00e9cimo terceiro sal\u00e1rio de seus servidores. O adiantamento faz parte da pol\u00edtica de valoriza\u00e7\u00e3o dos servidores do Poder Legislativo Municipal.<\/p>\n<p>De acordo com o presidente Valqu\u00edrio Lima (PSD), a atual gest\u00e3o vem reconhecendo e valorizando o trabalho dos servidores municipais da C\u00e2mara de Vereadores. Somente neste ano, j\u00e1 foram concedidos benef\u00edcios como adiantamento do pagamento do aux\u00edlio-alimenta\u00e7\u00e3o na Semana Santa, antecipa\u00e7\u00e3o do pagamento de sal\u00e1rios no m\u00eas passado em virtude da realiza\u00e7\u00e3o da Exposi\u00e7\u00e3o Agropecu\u00e1ria, al\u00e9m da abertura para o di\u00e1logo sobre a negocia\u00e7\u00e3o de reajuste salarial da categoria.<\/p>\n<p>O 13\u00ba sal\u00e1rio representa para o empregado brasileiro\u00a0um al\u00edvio no or\u00e7amento dom\u00e9stico e, por isso, \u00e9 bastante aguardado por todos. O benef\u00edcio deve ser pago pelo empregador em duas parcelas: a primeira entre 1\u00ba de fevereiro e 30 de novembro; e a segunda at\u00e9 20 de dezembro.<\/p>\n<p>A Constitui\u00e7\u00e3o Federal de 1988 garante aos trabalhadores urbanos e rurais o d\u00e9cimo terceiro sal\u00e1rio com base na remunera\u00e7\u00e3o integral ou no valor da aposentadoria. Trata-se de um direito social previsto na Constitui\u00e7\u00e3o e que foi institu\u00eddo pela Lei 4.090\/1962, que criou a gratifica\u00e7\u00e3o de Natal para os trabalhadores.<\/p>\n","protected":false},"excerpt":{"rendered":"<p>A C\u00e2mara Municipal de Itapetinga pagou, nesta segunda-feira (13), a primeira parcela do d\u00e9cimo terceiro sal\u00e1rio de seus servidores. O adiantamento faz parte da pol\u00edtica de valoriza\u00e7\u00e3o dos servidores do Poder Legislativo Municipal. De acordo com o presidente Valqu\u00edrio Lima (PSD), a atual gest\u00e3o vem reconhecendo e valorizando o trabalho dos servidores municipais da C\u00e2mara [&hellip;]<\/p>\n","protected":false},"author":2,"featured_media":102667,"comment_status":"open","ping_status":"open","sticky":false,"template":"","format":"standard","meta":{"footnotes":"","_links_to":"","_links_to_target":""},"categories":[1],"tags":[],"class_list":["post-102665","post","type-post","status-publish","format-standard","has-post-thumbnail","hentry","category-geral"],"views":822,"_links":{"self":[{"href":"https:\/\/www.sudoestehoje.com.br\/novoportal\/wp-json\/wp\/v2\/posts\/102665","targetHints":{"allow":["GET"]}}],"collection":[{"href":"https:\/\/www.sudoestehoje.com.br\/novoportal\/wp-json\/wp\/v2\/posts"}],"about":[{"href":"https:\/\/www.sudoestehoje.com.br\/novoportal\/wp-json\/wp\/v2\/types\/post"}],"author":[{"embeddable":true,"href":"https:\/\/www.sudoestehoje.com.br\/novoportal\/wp-json\/wp\/v2\/users\/2"}],"replies":[{"embeddable":true,"href":"https:\/\/www.sudoestehoje.com.br\/novoportal\/wp-json\/wp\/v2\/comments?post=102665"}],"version-history":[{"count":2,"href":"https:\/\/www.sudoestehoje.com.br\/novoportal\/wp-json\/wp\/v2\/posts\/102665\/revisions"}],"predecessor-version":[{"id":102668,"href":"https:\/\/www.sudoestehoje.com.br\/novoportal\/wp-json\/wp\/v2\/posts\/102665\/revisions\/102668"}],"wp:featuredmedia":[{"embeddable":true,"href":"https:\/\/www.sudoestehoje.com.br\/novoportal\/wp-json\/wp\/v2\/media\/102667"}],"wp:attachment":[{"href":"https:\/\/www.sudoestehoje.com.br\/novoportal\/wp-json\/wp\/v2\/media?parent=102665"}],"wp:term":[{"taxonomy":"category","embeddable":true,"href":"https:\/\/www.sudoestehoje.com.br\/novoportal\/wp-json\/wp\/v2\/categories?post=102665"},{"taxonomy":"post_tag","embeddable":true,"href":"https:\/\/www.sudoestehoje.com.br\/novoportal\/wp-json\/wp\/v2\/tags?post=102665"}],"curies":[{"name":"wp","href":"https:\/\/api.w.org\/{rel}","templated":true}]}}