
{"id":102660,"date":"2022-06-14T10:35:18","date_gmt":"2022-06-14T13:35:18","guid":{"rendered":"https:\/\/www.sudoestehoje.com.br\/novoportal\/?p=102660"},"modified":"2022-06-14T10:35:18","modified_gmt":"2022-06-14T13:35:18","slug":"justica-federal-de-sergipe-nega-prisao-de-policiais-rodoviarios-envolvidos-na-morte-de-genivaldo-por-asfixia","status":"publish","type":"post","link":"https:\/\/www.sudoestehoje.com.br\/novoportal\/2022\/06\/14\/justica-federal-de-sergipe-nega-prisao-de-policiais-rodoviarios-envolvidos-na-morte-de-genivaldo-por-asfixia\/","title":{"rendered":"JUSTI\u00c7A FEDERAL DE SERGIPE NEGA PRIS\u00c3O DE POLICIAIS RODOVI\u00c1RIOS ENVOLVIDOS NA MORTE DE GENIVALDO POR ASFIXIA"},"content":{"rendered":"<p><a href=\"https:\/\/www.sudoestehoje.com.br\/novoportal\/wp-content\/uploads\/2022\/06\/9b11c4b8-caso-genivaldo-prf-960x640-1.jpg\"><img loading=\"lazy\" decoding=\"async\" class=\"aligncenter size-medium wp-image-102663\" src=\"https:\/\/www.sudoestehoje.com.br\/novoportal\/wp-content\/uploads\/2022\/06\/9b11c4b8-caso-genivaldo-prf-960x640-1-500x333.jpg\" alt=\"\" width=\"500\" height=\"333\" srcset=\"https:\/\/www.sudoestehoje.com.br\/novoportal\/wp-content\/uploads\/2022\/06\/9b11c4b8-caso-genivaldo-prf-960x640-1-500x333.jpg 500w, https:\/\/www.sudoestehoje.com.br\/novoportal\/wp-content\/uploads\/2022\/06\/9b11c4b8-caso-genivaldo-prf-960x640-1-700x467.jpg 700w, https:\/\/www.sudoestehoje.com.br\/novoportal\/wp-content\/uploads\/2022\/06\/9b11c4b8-caso-genivaldo-prf-960x640-1-768x512.jpg 768w, https:\/\/www.sudoestehoje.com.br\/novoportal\/wp-content\/uploads\/2022\/06\/9b11c4b8-caso-genivaldo-prf-960x640-1.jpg 960w\" sizes=\"auto, (max-width: 500px) 100vw, 500px\" \/><\/a><\/p>\n<p>O pedido de pris\u00e3o dos tr\u00eas policiais rodovi\u00e1rios federais envolvidos com a morte por asfixia de Genivaldo Santos, de 38 anos, na BR 101 de Umba\u00faba foi negado pela Justi\u00e7a Federal em\u00a0Sergipe (JFSE). A requisi\u00e7\u00e3o foi de autoria da defesa da v\u00edtima, na qual ainda n\u00e3o se manifestou sobre o posicionamento da JFSE.<\/p>\n<p>O Ju\u00edzo da 7\u00aa Vara afirma que o pedido de pris\u00e3o preventiva dos policiais s\u00f3 pode ser feito apenas pelas autoridades policiais e pelo Minist\u00e9rio P\u00fablico Federal (MPF), visto que o caso ainda est\u00e1 sob fase de investiga\u00e7\u00e3o, de acordo com informa\u00e7\u00f5es divulgadas pelo G1. Al\u00e9m disso, foi citado ainda que a pretens\u00e3o tamb\u00e9m foi recusada pelo MPF, que justificou a negativa em manifesta\u00e7\u00e3o enviada \u00e0 Subse\u00e7\u00e3o Judici\u00e1ria de Est\u00e2ncia.<\/p>\n<p>Genivaldo morreu no dia 25 de maio, depois de ter sido trancado no porta-malas de uma viatura e submetido \u00e0 inala\u00e7\u00e3o de g\u00e1s lacrimog\u00eaneo. A causa da morte apontada pelo Instituto M\u00e9dico Legal (IML) de Sergipe foi asfixia e insufici\u00eancia respirat\u00f3ria.<\/p>\n<p>Os tr\u00eas agentes que participaram\u00a0da abordagem, Kleber Nascimento Freitas, Paulo Rodolpho Lima Nascimento e William de Barros Noia j\u00e1 foram afastados de suas fun\u00e7\u00f5es pela PRF.<\/p>\n","protected":false},"excerpt":{"rendered":"<p>O pedido de pris\u00e3o dos tr\u00eas policiais rodovi\u00e1rios federais envolvidos com a morte por asfixia de Genivaldo Santos, de 38 anos, na BR 101 de Umba\u00faba foi negado pela Justi\u00e7a Federal em\u00a0Sergipe (JFSE). A requisi\u00e7\u00e3o foi de autoria da defesa da v\u00edtima, na qual ainda n\u00e3o se manifestou sobre o posicionamento da JFSE. O Ju\u00edzo [&hellip;]<\/p>\n","protected":false},"author":2,"featured_media":102663,"comment_status":"open","ping_status":"open","sticky":false,"template":"","format":"standard","meta":{"footnotes":"","_links_to":"","_links_to_target":""},"categories":[1],"tags":[],"class_list":["post-102660","post","type-post","status-publish","format-standard","has-post-thumbnail","hentry","category-geral"],"views":874,"_links":{"self":[{"href":"https:\/\/www.sudoestehoje.com.br\/novoportal\/wp-json\/wp\/v2\/posts\/102660","targetHints":{"allow":["GET"]}}],"collection":[{"href":"https:\/\/www.sudoestehoje.com.br\/novoportal\/wp-json\/wp\/v2\/posts"}],"about":[{"href":"https:\/\/www.sudoestehoje.com.br\/novoportal\/wp-json\/wp\/v2\/types\/post"}],"author":[{"embeddable":true,"href":"https:\/\/www.sudoestehoje.com.br\/novoportal\/wp-json\/wp\/v2\/users\/2"}],"replies":[{"embeddable":true,"href":"https:\/\/www.sudoestehoje.com.br\/novoportal\/wp-json\/wp\/v2\/comments?post=102660"}],"version-history":[{"count":3,"href":"https:\/\/www.sudoestehoje.com.br\/novoportal\/wp-json\/wp\/v2\/posts\/102660\/revisions"}],"predecessor-version":[{"id":102664,"href":"https:\/\/www.sudoestehoje.com.br\/novoportal\/wp-json\/wp\/v2\/posts\/102660\/revisions\/102664"}],"wp:featuredmedia":[{"embeddable":true,"href":"https:\/\/www.sudoestehoje.com.br\/novoportal\/wp-json\/wp\/v2\/media\/102663"}],"wp:attachment":[{"href":"https:\/\/www.sudoestehoje.com.br\/novoportal\/wp-json\/wp\/v2\/media?parent=102660"}],"wp:term":[{"taxonomy":"category","embeddable":true,"href":"https:\/\/www.sudoestehoje.com.br\/novoportal\/wp-json\/wp\/v2\/categories?post=102660"},{"taxonomy":"post_tag","embeddable":true,"href":"https:\/\/www.sudoestehoje.com.br\/novoportal\/wp-json\/wp\/v2\/tags?post=102660"}],"curies":[{"name":"wp","href":"https:\/\/api.w.org\/{rel}","templated":true}]}}