
{"id":102654,"date":"2022-06-14T09:47:00","date_gmt":"2022-06-14T12:47:00","guid":{"rendered":"https:\/\/www.sudoestehoje.com.br\/novoportal\/?p=102654"},"modified":"2022-06-14T09:47:00","modified_gmt":"2022-06-14T12:47:00","slug":"menino-de-11-anos-e-ferido-no-rosto-com-espada-em-cruz-das-almas","status":"publish","type":"post","link":"https:\/\/www.sudoestehoje.com.br\/novoportal\/2022\/06\/14\/menino-de-11-anos-e-ferido-no-rosto-com-espada-em-cruz-das-almas\/","title":{"rendered":"MENINO DE 11 ANOS \u00c9 FERIDO NO ROSTO COM &#8216;ESPADA&#8217; EM CRUZ DAS ALMAS"},"content":{"rendered":"<p><a href=\"https:\/\/www.sudoestehoje.com.br\/novoportal\/wp-content\/uploads\/2022\/06\/689284-970x600-1-1.jpeg\"><img loading=\"lazy\" decoding=\"async\" class=\"aligncenter size-medium wp-image-102658\" src=\"https:\/\/www.sudoestehoje.com.br\/novoportal\/wp-content\/uploads\/2022\/06\/689284-970x600-1-1-500x309.jpeg\" alt=\"\" width=\"500\" height=\"309\" srcset=\"https:\/\/www.sudoestehoje.com.br\/novoportal\/wp-content\/uploads\/2022\/06\/689284-970x600-1-1-500x309.jpeg 500w, https:\/\/www.sudoestehoje.com.br\/novoportal\/wp-content\/uploads\/2022\/06\/689284-970x600-1-1-700x433.jpeg 700w, https:\/\/www.sudoestehoje.com.br\/novoportal\/wp-content\/uploads\/2022\/06\/689284-970x600-1-1-768x475.jpeg 768w, https:\/\/www.sudoestehoje.com.br\/novoportal\/wp-content\/uploads\/2022\/06\/689284-970x600-1-1.jpeg 970w\" sizes=\"auto, (max-width: 500px) 100vw, 500px\" \/><\/a><\/p>\n<p>Um menino de 11 anos ficou gravemente ferido no rosto ap\u00f3s ser atingido por uma espada \u2013 tipo de fogo de artif\u00edcio \u2013, na noite de segunda-feira (13), na cidade de\u00a0<a href=\"https:\/\/g1.globo.com\/ba\/bahia\/cidade\/cruz-das-almas\/\">Cruz das Almas<\/a>, Rec\u00f4ncavo Baiano. Nesta ter\u00e7a (14), ele est\u00e1 internado.<\/p>\n<div class=\"mc-column content-text active-extra-styles \" data-block-type=\"unstyled\" data-block-weight=\"43\" data-block-id=\"4\">\n<p class=\"content-text__container \" data-track-category=\"Link no Texto\" data-track-links=\"\">A crian\u00e7a ficou ferida em uma disputa de espadeiros, como s\u00e3o chamadas as pessoas que soltam as espadas. Ainda n\u00e3o h\u00e1 detalhes sobre as circunst\u00e2ncias em que o garoto foi atingido. Ele foi socorrido e levado para uma Unidade de Pronto Atendimento (UPA).<\/p>\n<\/div>\n<div class=\"mc-column content-text active-extra-styles \" data-block-type=\"unstyled\" data-block-weight=\"50\" data-block-id=\"5\">\n<p class=\"content-text__container \" data-track-category=\"Link no Texto\" data-track-links=\"\">Por causa da gravidade dos ferimentos, a v\u00edtima foi levada para o Hospital Estadual da Crian\u00e7a, em\u00a0<a href=\"https:\/\/g1.globo.com\/ba\/bahia\/cidade\/feira-de-santana\/\">Feira de Santana<\/a>, cidade que fica a cerca de 50 km de\u00a0<a href=\"https:\/\/g1.globo.com\/ba\/bahia\/cidade\/cruz-das-almas\/\">Cruz das Almas<\/a>. Segundo a Secretaria Municipal de Sa\u00fade de\u00a0<a href=\"https:\/\/g1.globo.com\/ba\/bahia\/cidade\/cruz-das-almas\/\">Cruz das Almas<\/a>\u00a0o estado de sa\u00fade do garoto \u00e9 est\u00e1vel.<\/p>\n<\/div>\n","protected":false},"excerpt":{"rendered":"<p>Um menino de 11 anos ficou gravemente ferido no rosto ap\u00f3s ser atingido por uma espada \u2013 tipo de fogo de artif\u00edcio \u2013, na noite de segunda-feira (13), na cidade de\u00a0Cruz das Almas, Rec\u00f4ncavo Baiano. Nesta ter\u00e7a (14), ele est\u00e1 internado. A crian\u00e7a ficou ferida em uma disputa de espadeiros, como s\u00e3o chamadas as pessoas [&hellip;]<\/p>\n","protected":false},"author":2,"featured_media":102658,"comment_status":"open","ping_status":"open","sticky":false,"template":"","format":"standard","meta":{"footnotes":"","_links_to":"","_links_to_target":""},"categories":[1],"tags":[],"class_list":["post-102654","post","type-post","status-publish","format-standard","has-post-thumbnail","hentry","category-geral"],"views":1157,"_links":{"self":[{"href":"https:\/\/www.sudoestehoje.com.br\/novoportal\/wp-json\/wp\/v2\/posts\/102654","targetHints":{"allow":["GET"]}}],"collection":[{"href":"https:\/\/www.sudoestehoje.com.br\/novoportal\/wp-json\/wp\/v2\/posts"}],"about":[{"href":"https:\/\/www.sudoestehoje.com.br\/novoportal\/wp-json\/wp\/v2\/types\/post"}],"author":[{"embeddable":true,"href":"https:\/\/www.sudoestehoje.com.br\/novoportal\/wp-json\/wp\/v2\/users\/2"}],"replies":[{"embeddable":true,"href":"https:\/\/www.sudoestehoje.com.br\/novoportal\/wp-json\/wp\/v2\/comments?post=102654"}],"version-history":[{"count":2,"href":"https:\/\/www.sudoestehoje.com.br\/novoportal\/wp-json\/wp\/v2\/posts\/102654\/revisions"}],"predecessor-version":[{"id":102659,"href":"https:\/\/www.sudoestehoje.com.br\/novoportal\/wp-json\/wp\/v2\/posts\/102654\/revisions\/102659"}],"wp:featuredmedia":[{"embeddable":true,"href":"https:\/\/www.sudoestehoje.com.br\/novoportal\/wp-json\/wp\/v2\/media\/102658"}],"wp:attachment":[{"href":"https:\/\/www.sudoestehoje.com.br\/novoportal\/wp-json\/wp\/v2\/media?parent=102654"}],"wp:term":[{"taxonomy":"category","embeddable":true,"href":"https:\/\/www.sudoestehoje.com.br\/novoportal\/wp-json\/wp\/v2\/categories?post=102654"},{"taxonomy":"post_tag","embeddable":true,"href":"https:\/\/www.sudoestehoje.com.br\/novoportal\/wp-json\/wp\/v2\/tags?post=102654"}],"curies":[{"name":"wp","href":"https:\/\/api.w.org\/{rel}","templated":true}]}}