
{"id":102621,"date":"2022-06-10T13:38:06","date_gmt":"2022-06-10T16:38:06","guid":{"rendered":"https:\/\/www.sudoestehoje.com.br\/novoportal\/?p=102621"},"modified":"2022-06-10T13:39:09","modified_gmt":"2022-06-10T16:39:09","slug":"itapetinga-geraldo-trindade-apoia-rosembeg-e-pode-ocupar-cargo-de-coordenador-da-direc","status":"publish","type":"post","link":"https:\/\/www.sudoestehoje.com.br\/novoportal\/2022\/06\/10\/itapetinga-geraldo-trindade-apoia-rosembeg-e-pode-ocupar-cargo-de-coordenador-da-direc\/","title":{"rendered":"ITAPETINGA | GERALDO TRINDADE APOIA ROSEMBERG E PODE OCUPAR CARGO DE COORDENADOR DA DIREC"},"content":{"rendered":"<p><a href=\"https:\/\/www.sudoestehoje.com.br\/novoportal\/wp-content\/uploads\/2022\/06\/WhatsApp-Image-2022-06-10-at-12.59.43.jpeg\"><img loading=\"lazy\" decoding=\"async\" class=\"aligncenter size-medium wp-image-102624\" src=\"https:\/\/www.sudoestehoje.com.br\/novoportal\/wp-content\/uploads\/2022\/06\/WhatsApp-Image-2022-06-10-at-12.59.43-500x282.jpeg\" alt=\"\" width=\"500\" height=\"282\" srcset=\"https:\/\/www.sudoestehoje.com.br\/novoportal\/wp-content\/uploads\/2022\/06\/WhatsApp-Image-2022-06-10-at-12.59.43-500x282.jpeg 500w, https:\/\/www.sudoestehoje.com.br\/novoportal\/wp-content\/uploads\/2022\/06\/WhatsApp-Image-2022-06-10-at-12.59.43-700x395.jpeg 700w, https:\/\/www.sudoestehoje.com.br\/novoportal\/wp-content\/uploads\/2022\/06\/WhatsApp-Image-2022-06-10-at-12.59.43.jpeg 720w\" sizes=\"auto, (max-width: 500px) 100vw, 500px\" \/><\/a><\/p>\n<p>Ap\u00f3s ser demitido sumariamente pelo prefeito Rodrigo Hagge, por participar em ato da pr\u00e9-campanha do candidato do PT ao governo, Jer\u00f4nimo Rodrigues, o ex-secret\u00e1rio de educa\u00e7\u00e3o de Itapetinga, Geraldo Trindade, fechou apoio \u00e0 candidatura do deputado estadual Rosemberg Pinto e j\u00e1 est\u00e1 cotado para ocupar cargo na Secretaria de Educa\u00e7\u00e3o do Estado.<\/p>\n<p>O an\u00fancio foi feito pelo pr\u00f3prio Rosemberg, em um programa de r\u00e1dio local, nesta sexta-feira (10).<\/p>\n<p>Embora o deputado n\u00e3o tenha revelado o cargo que Geraldo ocuparia no Estado, especula-se a possibilidade de que venha substituir o petista Al\u00e9cio Chaves na coordena\u00e7\u00e3o do N\u00facleo Regional de Educa\u00e7\u00e3o, \u00f3rg\u00e3o regional sediado em Itapetinga, remetendo o atual coordenador Al\u00e9cio Chaves para o fim da fila.<\/p>\n<p>Segundo petistas locais, a aproxima\u00e7\u00e3o de Geraldo ao grupo de Rosemberg tem incomodado a vereadora petista Sibele Nery, v\u00edtima contumaz de cr\u00edticas pesadas de Geraldo em rela\u00e7\u00e3o \u00e0 sua gest\u00e3o na Secretaria Municipal de Educa\u00e7\u00e3o, durante o governo do ex-prefeito Z\u00e9 Carlos Moura, tornando-os &#8216;<em>inimigos de chap\u00e9u batido<\/em>&#8216;.<\/p>\n<p>V\u00e3o ter muita <em>roupa suja<\/em> pra lavar, com certeza&#8230;<\/p>\n<p><strong><em>Por Davi Ferraz<\/em><\/strong><\/p>\n","protected":false},"excerpt":{"rendered":"<p>Ap\u00f3s ser demitido sumariamente pelo prefeito Rodrigo Hagge, por participar em ato da pr\u00e9-campanha do candidato do PT ao governo, Jer\u00f4nimo Rodrigues, o ex-secret\u00e1rio de educa\u00e7\u00e3o de Itapetinga, Geraldo Trindade, fechou apoio \u00e0 candidatura do deputado estadual Rosemberg Pinto e j\u00e1 est\u00e1 cotado para ocupar cargo na Secretaria de Educa\u00e7\u00e3o do Estado. O an\u00fancio foi [&hellip;]<\/p>\n","protected":false},"author":2,"featured_media":102624,"comment_status":"open","ping_status":"open","sticky":false,"template":"","format":"standard","meta":{"footnotes":"","_links_to":"","_links_to_target":""},"categories":[1],"tags":[],"class_list":["post-102621","post","type-post","status-publish","format-standard","has-post-thumbnail","hentry","category-geral"],"views":1368,"_links":{"self":[{"href":"https:\/\/www.sudoestehoje.com.br\/novoportal\/wp-json\/wp\/v2\/posts\/102621","targetHints":{"allow":["GET"]}}],"collection":[{"href":"https:\/\/www.sudoestehoje.com.br\/novoportal\/wp-json\/wp\/v2\/posts"}],"about":[{"href":"https:\/\/www.sudoestehoje.com.br\/novoportal\/wp-json\/wp\/v2\/types\/post"}],"author":[{"embeddable":true,"href":"https:\/\/www.sudoestehoje.com.br\/novoportal\/wp-json\/wp\/v2\/users\/2"}],"replies":[{"embeddable":true,"href":"https:\/\/www.sudoestehoje.com.br\/novoportal\/wp-json\/wp\/v2\/comments?post=102621"}],"version-history":[{"count":4,"href":"https:\/\/www.sudoestehoje.com.br\/novoportal\/wp-json\/wp\/v2\/posts\/102621\/revisions"}],"predecessor-version":[{"id":102626,"href":"https:\/\/www.sudoestehoje.com.br\/novoportal\/wp-json\/wp\/v2\/posts\/102621\/revisions\/102626"}],"wp:featuredmedia":[{"embeddable":true,"href":"https:\/\/www.sudoestehoje.com.br\/novoportal\/wp-json\/wp\/v2\/media\/102624"}],"wp:attachment":[{"href":"https:\/\/www.sudoestehoje.com.br\/novoportal\/wp-json\/wp\/v2\/media?parent=102621"}],"wp:term":[{"taxonomy":"category","embeddable":true,"href":"https:\/\/www.sudoestehoje.com.br\/novoportal\/wp-json\/wp\/v2\/categories?post=102621"},{"taxonomy":"post_tag","embeddable":true,"href":"https:\/\/www.sudoestehoje.com.br\/novoportal\/wp-json\/wp\/v2\/tags?post=102621"}],"curies":[{"name":"wp","href":"https:\/\/api.w.org\/{rel}","templated":true}]}}