
{"id":102599,"date":"2022-06-09T23:19:20","date_gmt":"2022-06-10T02:19:20","guid":{"rendered":"https:\/\/www.sudoestehoje.com.br\/novoportal\/?p=102599"},"modified":"2022-06-09T23:35:31","modified_gmt":"2022-06-10T02:35:31","slug":"itapetinga-vereador-pastor-evandro-acompanha-e-fiscaliza-reforma-da-lagoa","status":"publish","type":"post","link":"https:\/\/www.sudoestehoje.com.br\/novoportal\/2022\/06\/09\/itapetinga-vereador-pastor-evandro-acompanha-e-fiscaliza-reforma-da-lagoa\/","title":{"rendered":"ITAPETINGA: VEREADOR PASTOR EVANDRO ACOMPANHA E FISCALIZA REFORMA DA LAGOA"},"content":{"rendered":"<p><a href=\"https:\/\/www.sudoestehoje.com.br\/novoportal\/wp-content\/uploads\/2022\/06\/WhatsApp-Image-2022-06-09-at-23.31.26.jpeg\"><img loading=\"lazy\" decoding=\"async\" class=\"aligncenter size-medium wp-image-102609\" src=\"https:\/\/www.sudoestehoje.com.br\/novoportal\/wp-content\/uploads\/2022\/06\/WhatsApp-Image-2022-06-09-at-23.31.26-500x290.jpeg\" alt=\"\" width=\"500\" height=\"290\" srcset=\"https:\/\/www.sudoestehoje.com.br\/novoportal\/wp-content\/uploads\/2022\/06\/WhatsApp-Image-2022-06-09-at-23.31.26-500x290.jpeg 500w, https:\/\/www.sudoestehoje.com.br\/novoportal\/wp-content\/uploads\/2022\/06\/WhatsApp-Image-2022-06-09-at-23.31.26-700x406.jpeg 700w, https:\/\/www.sudoestehoje.com.br\/novoportal\/wp-content\/uploads\/2022\/06\/WhatsApp-Image-2022-06-09-at-23.31.26-768x446.jpeg 768w, https:\/\/www.sudoestehoje.com.br\/novoportal\/wp-content\/uploads\/2022\/06\/WhatsApp-Image-2022-06-09-at-23.31.26.jpeg 1168w\" sizes=\"auto, (max-width: 500px) 100vw, 500px\" \/><\/a><\/p>\n<p>Cumprindo a sua obriga\u00e7\u00e3o constitucional, o vereador Pastor Evandro tem se destacado pelo zelo e aten\u00e7\u00e3o com a coisa p\u00fablica, no munic\u00edpio de Itapetinga.<\/p>\n<p><a href=\"https:\/\/www.sudoestehoje.com.br\/novoportal\/wp-content\/uploads\/2022\/06\/WhatsApp-Image-2022-06-09-at-23.07.37.jpeg\"><img loading=\"lazy\" decoding=\"async\" class=\"aligncenter size-medium wp-image-102602\" src=\"https:\/\/www.sudoestehoje.com.br\/novoportal\/wp-content\/uploads\/2022\/06\/WhatsApp-Image-2022-06-09-at-23.07.37-500x225.jpeg\" alt=\"\" width=\"500\" height=\"225\" srcset=\"https:\/\/www.sudoestehoje.com.br\/novoportal\/wp-content\/uploads\/2022\/06\/WhatsApp-Image-2022-06-09-at-23.07.37-500x225.jpeg 500w, https:\/\/www.sudoestehoje.com.br\/novoportal\/wp-content\/uploads\/2022\/06\/WhatsApp-Image-2022-06-09-at-23.07.37-700x315.jpeg 700w, https:\/\/www.sudoestehoje.com.br\/novoportal\/wp-content\/uploads\/2022\/06\/WhatsApp-Image-2022-06-09-at-23.07.37-768x346.jpeg 768w, https:\/\/www.sudoestehoje.com.br\/novoportal\/wp-content\/uploads\/2022\/06\/WhatsApp-Image-2022-06-09-at-23.07.37-1536x691.jpeg 1536w, https:\/\/www.sudoestehoje.com.br\/novoportal\/wp-content\/uploads\/2022\/06\/WhatsApp-Image-2022-06-09-at-23.07.37.jpeg 2000w\" sizes=\"auto, (max-width: 500px) 100vw, 500px\" \/><\/a><\/p>\n<p>Na \u00faltima ter\u00e7a-feira (7), o atuante vereador acompanhou os servi\u00e7os de pintura das quadras e outros espa\u00e7os do Parque Poliesportivo da Lagoa, ao lado do competente servidor municipal Carlos Martins (Carl\u00e3o), encarregado da manuten\u00e7\u00e3o das pra\u00e7as e jardins da cidade.<a href=\"https:\/\/www.sudoestehoje.com.br\/novoportal\/wp-content\/uploads\/2022\/06\/WhatsApp-Image-2022-06-09-at-23.07.37-1.jpeg\"><img loading=\"lazy\" decoding=\"async\" class=\"aligncenter size-medium wp-image-102601\" src=\"https:\/\/www.sudoestehoje.com.br\/novoportal\/wp-content\/uploads\/2022\/06\/WhatsApp-Image-2022-06-09-at-23.07.37-1-500x225.jpeg\" alt=\"\" width=\"500\" height=\"225\" srcset=\"https:\/\/www.sudoestehoje.com.br\/novoportal\/wp-content\/uploads\/2022\/06\/WhatsApp-Image-2022-06-09-at-23.07.37-1-500x225.jpeg 500w, https:\/\/www.sudoestehoje.com.br\/novoportal\/wp-content\/uploads\/2022\/06\/WhatsApp-Image-2022-06-09-at-23.07.37-1-700x315.jpeg 700w, https:\/\/www.sudoestehoje.com.br\/novoportal\/wp-content\/uploads\/2022\/06\/WhatsApp-Image-2022-06-09-at-23.07.37-1-768x346.jpeg 768w, https:\/\/www.sudoestehoje.com.br\/novoportal\/wp-content\/uploads\/2022\/06\/WhatsApp-Image-2022-06-09-at-23.07.37-1-1536x691.jpeg 1536w, https:\/\/www.sudoestehoje.com.br\/novoportal\/wp-content\/uploads\/2022\/06\/WhatsApp-Image-2022-06-09-at-23.07.37-1.jpeg 2000w\" sizes=\"auto, (max-width: 500px) 100vw, 500px\" \/><\/a><\/p>\n<p><em>&#8220;Tenho acompanhado a atua\u00e7\u00e3o do nosso amigo Carlos Martins e quero parabeniza-lo pela dedica\u00e7\u00e3o e compet\u00eancia na manuten\u00e7\u00e3o das nossas pra\u00e7as, principalmente do Parque da Lagoa, sempre bem cuidado e elogiado pela popula\u00e7\u00e3o e visitantes&#8221;<\/em>, ressaltou o vereador.<\/p>\n<p><strong><em>Por Davi Ferraz<\/em><\/strong><\/p>\n","protected":false},"excerpt":{"rendered":"<p>Cumprindo a sua obriga\u00e7\u00e3o constitucional, o vereador Pastor Evandro tem se destacado pelo zelo e aten\u00e7\u00e3o com a coisa p\u00fablica, no munic\u00edpio de Itapetinga. Na \u00faltima ter\u00e7a-feira (7), o atuante vereador acompanhou os servi\u00e7os de pintura das quadras e outros espa\u00e7os do Parque Poliesportivo da Lagoa, ao lado do competente servidor municipal Carlos Martins (Carl\u00e3o), [&hellip;]<\/p>\n","protected":false},"author":2,"featured_media":102603,"comment_status":"open","ping_status":"open","sticky":false,"template":"","format":"standard","meta":{"footnotes":"","_links_to":"","_links_to_target":""},"categories":[1],"tags":[],"class_list":["post-102599","post","type-post","status-publish","format-standard","has-post-thumbnail","hentry","category-geral"],"views":910,"_links":{"self":[{"href":"https:\/\/www.sudoestehoje.com.br\/novoportal\/wp-json\/wp\/v2\/posts\/102599","targetHints":{"allow":["GET"]}}],"collection":[{"href":"https:\/\/www.sudoestehoje.com.br\/novoportal\/wp-json\/wp\/v2\/posts"}],"about":[{"href":"https:\/\/www.sudoestehoje.com.br\/novoportal\/wp-json\/wp\/v2\/types\/post"}],"author":[{"embeddable":true,"href":"https:\/\/www.sudoestehoje.com.br\/novoportal\/wp-json\/wp\/v2\/users\/2"}],"replies":[{"embeddable":true,"href":"https:\/\/www.sudoestehoje.com.br\/novoportal\/wp-json\/wp\/v2\/comments?post=102599"}],"version-history":[{"count":8,"href":"https:\/\/www.sudoestehoje.com.br\/novoportal\/wp-json\/wp\/v2\/posts\/102599\/revisions"}],"predecessor-version":[{"id":102612,"href":"https:\/\/www.sudoestehoje.com.br\/novoportal\/wp-json\/wp\/v2\/posts\/102599\/revisions\/102612"}],"wp:featuredmedia":[{"embeddable":true,"href":"https:\/\/www.sudoestehoje.com.br\/novoportal\/wp-json\/wp\/v2\/media\/102603"}],"wp:attachment":[{"href":"https:\/\/www.sudoestehoje.com.br\/novoportal\/wp-json\/wp\/v2\/media?parent=102599"}],"wp:term":[{"taxonomy":"category","embeddable":true,"href":"https:\/\/www.sudoestehoje.com.br\/novoportal\/wp-json\/wp\/v2\/categories?post=102599"},{"taxonomy":"post_tag","embeddable":true,"href":"https:\/\/www.sudoestehoje.com.br\/novoportal\/wp-json\/wp\/v2\/tags?post=102599"}],"curies":[{"name":"wp","href":"https:\/\/api.w.org\/{rel}","templated":true}]}}