
{"id":102579,"date":"2022-06-08T18:21:25","date_gmt":"2022-06-08T21:21:25","guid":{"rendered":"https:\/\/www.sudoestehoje.com.br\/novoportal\/?p=102579"},"modified":"2022-06-08T18:21:25","modified_gmt":"2022-06-08T21:21:25","slug":"itapetinga-queimada-proximo-ao-jose-ivo-poe-em-risco-integridade-dos-moradores","status":"publish","type":"post","link":"https:\/\/www.sudoestehoje.com.br\/novoportal\/2022\/06\/08\/itapetinga-queimada-proximo-ao-jose-ivo-poe-em-risco-integridade-dos-moradores\/","title":{"rendered":"ITAPETINGA | QUEIMADA PR\u00d3XIMO AO JOS\u00c9 IVO P\u00d5E EM RISCO INTEGRIDADE DOS MORADORES"},"content":{"rendered":"<p><a href=\"https:\/\/www.sudoestehoje.com.br\/novoportal\/wp-content\/uploads\/2022\/06\/WhatsApp-Image-2022-06-08-at-17.56.12.jpeg\"><img loading=\"lazy\" decoding=\"async\" class=\"aligncenter size-medium wp-image-102581\" src=\"https:\/\/www.sudoestehoje.com.br\/novoportal\/wp-content\/uploads\/2022\/06\/WhatsApp-Image-2022-06-08-at-17.56.12-500x237.jpeg\" alt=\"\" width=\"500\" height=\"237\" srcset=\"https:\/\/www.sudoestehoje.com.br\/novoportal\/wp-content\/uploads\/2022\/06\/WhatsApp-Image-2022-06-08-at-17.56.12-500x237.jpeg 500w, https:\/\/www.sudoestehoje.com.br\/novoportal\/wp-content\/uploads\/2022\/06\/WhatsApp-Image-2022-06-08-at-17.56.12-700x331.jpeg 700w, https:\/\/www.sudoestehoje.com.br\/novoportal\/wp-content\/uploads\/2022\/06\/WhatsApp-Image-2022-06-08-at-17.56.12-768x363.jpeg 768w, https:\/\/www.sudoestehoje.com.br\/novoportal\/wp-content\/uploads\/2022\/06\/WhatsApp-Image-2022-06-08-at-17.56.12-1536x727.jpeg 1536w, https:\/\/www.sudoestehoje.com.br\/novoportal\/wp-content\/uploads\/2022\/06\/WhatsApp-Image-2022-06-08-at-17.56.12.jpeg 1600w\" sizes=\"auto, (max-width: 500px) 100vw, 500px\" \/><\/a><\/p>\n<p>No final da tarde desta quarta-feira (8), um inc\u00eandio de grandes propor\u00e7\u00f5es aconteceu em uma \u00e1rea de pastagem e matagal nas proximidades do Residencial Jos\u00e9 Ivo, nos fundos da Coopardo, em Itapetinga, avan\u00e7ando sobre casas do loteamento.<\/p>\n<p>Nesta \u00e9poca de clima seco, as queimadas s\u00e3o comuns em \u00e1reas rurais e urbanas, quase sempre provocadas pelos pr\u00f3prios moradores, por descuido ou neglig\u00eancia, o que constitui crime ambiental.<\/p>\n<p>O combate desses inc\u00eandios s\u00e3o realizados no munic\u00edpio por brigadas civis ou pelo carro pipa da prefeitura, em casos graves.<\/p>\n<p>Todo cuidado \u00e9 pouco nessa \u00e9poca do ano, vez que a inala\u00e7\u00e3o da fuma\u00e7a pode agravar doen\u00e7as respirat\u00f3rias e at\u00e9 matar pessoas e animais afetados pela inala\u00e7\u00e3o.<\/p>\n<p><strong><em>Por Davi Ferraz\u00a0<\/em><\/strong><\/p>\n","protected":false},"excerpt":{"rendered":"<p>No final da tarde desta quarta-feira (8), um inc\u00eandio de grandes propor\u00e7\u00f5es aconteceu em uma \u00e1rea de pastagem e matagal nas proximidades do Residencial Jos\u00e9 Ivo, nos fundos da Coopardo, em Itapetinga, avan\u00e7ando sobre casas do loteamento. Nesta \u00e9poca de clima seco, as queimadas s\u00e3o comuns em \u00e1reas rurais e urbanas, quase sempre provocadas pelos [&hellip;]<\/p>\n","protected":false},"author":2,"featured_media":102581,"comment_status":"open","ping_status":"open","sticky":false,"template":"","format":"standard","meta":{"footnotes":"","_links_to":"","_links_to_target":""},"categories":[1],"tags":[],"class_list":["post-102579","post","type-post","status-publish","format-standard","has-post-thumbnail","hentry","category-geral"],"views":1909,"_links":{"self":[{"href":"https:\/\/www.sudoestehoje.com.br\/novoportal\/wp-json\/wp\/v2\/posts\/102579","targetHints":{"allow":["GET"]}}],"collection":[{"href":"https:\/\/www.sudoestehoje.com.br\/novoportal\/wp-json\/wp\/v2\/posts"}],"about":[{"href":"https:\/\/www.sudoestehoje.com.br\/novoportal\/wp-json\/wp\/v2\/types\/post"}],"author":[{"embeddable":true,"href":"https:\/\/www.sudoestehoje.com.br\/novoportal\/wp-json\/wp\/v2\/users\/2"}],"replies":[{"embeddable":true,"href":"https:\/\/www.sudoestehoje.com.br\/novoportal\/wp-json\/wp\/v2\/comments?post=102579"}],"version-history":[{"count":3,"href":"https:\/\/www.sudoestehoje.com.br\/novoportal\/wp-json\/wp\/v2\/posts\/102579\/revisions"}],"predecessor-version":[{"id":102583,"href":"https:\/\/www.sudoestehoje.com.br\/novoportal\/wp-json\/wp\/v2\/posts\/102579\/revisions\/102583"}],"wp:featuredmedia":[{"embeddable":true,"href":"https:\/\/www.sudoestehoje.com.br\/novoportal\/wp-json\/wp\/v2\/media\/102581"}],"wp:attachment":[{"href":"https:\/\/www.sudoestehoje.com.br\/novoportal\/wp-json\/wp\/v2\/media?parent=102579"}],"wp:term":[{"taxonomy":"category","embeddable":true,"href":"https:\/\/www.sudoestehoje.com.br\/novoportal\/wp-json\/wp\/v2\/categories?post=102579"},{"taxonomy":"post_tag","embeddable":true,"href":"https:\/\/www.sudoestehoje.com.br\/novoportal\/wp-json\/wp\/v2\/tags?post=102579"}],"curies":[{"name":"wp","href":"https:\/\/api.w.org\/{rel}","templated":true}]}}