
{"id":102574,"date":"2022-06-08T11:13:09","date_gmt":"2022-06-08T14:13:09","guid":{"rendered":"https:\/\/www.sudoestehoje.com.br\/novoportal\/?p=102574"},"modified":"2022-06-08T11:21:47","modified_gmt":"2022-06-08T14:21:47","slug":"itapetinga-prefeitura-capacita-servidores-sobre-nova-lei-de-licitacoes-e-contratacoes-publicas","status":"publish","type":"post","link":"https:\/\/www.sudoestehoje.com.br\/novoportal\/2022\/06\/08\/itapetinga-prefeitura-capacita-servidores-sobre-nova-lei-de-licitacoes-e-contratacoes-publicas\/","title":{"rendered":"ITAPETINGA: PREFEITURA CAPACITA SERVIDORES SOBRE NOVA LEI DE LICITA\u00c7\u00d5ES E CONTRATA\u00c7\u00d5ES P\u00daBLICAS"},"content":{"rendered":"<p><a href=\"https:\/\/www.sudoestehoje.com.br\/novoportal\/wp-content\/uploads\/2022\/06\/WhatsApp-Image-2022-06-08-at-10.49.54.jpeg\"><img loading=\"lazy\" decoding=\"async\" class=\"aligncenter size-medium wp-image-102575\" src=\"https:\/\/www.sudoestehoje.com.br\/novoportal\/wp-content\/uploads\/2022\/06\/WhatsApp-Image-2022-06-08-at-10.49.54-500x244.jpeg\" alt=\"\" width=\"500\" height=\"244\" srcset=\"https:\/\/www.sudoestehoje.com.br\/novoportal\/wp-content\/uploads\/2022\/06\/WhatsApp-Image-2022-06-08-at-10.49.54-500x244.jpeg 500w, https:\/\/www.sudoestehoje.com.br\/novoportal\/wp-content\/uploads\/2022\/06\/WhatsApp-Image-2022-06-08-at-10.49.54-700x342.jpeg 700w, https:\/\/www.sudoestehoje.com.br\/novoportal\/wp-content\/uploads\/2022\/06\/WhatsApp-Image-2022-06-08-at-10.49.54-768x375.jpeg 768w, https:\/\/www.sudoestehoje.com.br\/novoportal\/wp-content\/uploads\/2022\/06\/WhatsApp-Image-2022-06-08-at-10.49.54.jpeg 1024w\" sizes=\"auto, (max-width: 500px) 100vw, 500px\" \/><\/a><\/p>\n<p>O munic\u00edpio de Itapetinga, atrav\u00e9s da Secretaria Municipal de Administra\u00e7\u00e3o, promoveu nos dias 2 e 7 deste m\u00eas de junho, curso de capacita\u00e7\u00e3o para os servidores do Departamento de Compras, Contratos e Licita\u00e7\u00f5es, sobre a nova Lei de Licita\u00e7\u00f5es e Contrata\u00e7\u00f5es P\u00fablicas (Lei 14.133\/2021), ministrado pelo renomado Prof. Orlando Gomes, especialista na \u00e1rea.<\/p>\n<p>A capacita\u00e7\u00e3o aconteceu no pr\u00f3prio setor de compras da prefeitura e contou tamb\u00e9m com a participa\u00e7\u00e3o do Controlador Interno e do Procurado Geral do Munic\u00edpio.<\/p>\n<p><em>&#8220;A capacita\u00e7\u00e3o dos servidores municipais sobre os aspectos da nova Lei de Licita\u00e7\u00f5es \u00e9 fundamental e necess\u00e1ria, vez que a antiga lei sofreu altera\u00e7\u00f5es importantes e n\u00e3o mais se aplica no atual contexto&#8221;<\/em>, esclareceu Carlito Ferraz, Secret\u00e1rio Municipal de Administra\u00e7\u00e3o.<\/p>\n<p><em>&#8220;\u00c9 o governo Rodrigo Hagge investindo na atualiza\u00e7\u00e3o e acompanhando as mudan\u00e7as referentes \u00e0s a\u00e7\u00f5es da Administra\u00e7\u00e3o P\u00fablica Municipal&#8221;<\/em>, concluiu o secret\u00e1rio.<\/p>\n<p><strong><em>Reda\u00e7\u00e3o SH<\/em><\/strong><\/p>\n","protected":false},"excerpt":{"rendered":"<p>O munic\u00edpio de Itapetinga, atrav\u00e9s da Secretaria Municipal de Administra\u00e7\u00e3o, promoveu nos dias 2 e 7 deste m\u00eas de junho, curso de capacita\u00e7\u00e3o para os servidores do Departamento de Compras, Contratos e Licita\u00e7\u00f5es, sobre a nova Lei de Licita\u00e7\u00f5es e Contrata\u00e7\u00f5es P\u00fablicas (Lei 14.133\/2021), ministrado pelo renomado Prof. Orlando Gomes, especialista na \u00e1rea. A capacita\u00e7\u00e3o [&hellip;]<\/p>\n","protected":false},"author":2,"featured_media":102575,"comment_status":"open","ping_status":"open","sticky":false,"template":"","format":"standard","meta":{"footnotes":"","_links_to":"","_links_to_target":""},"categories":[1],"tags":[],"class_list":["post-102574","post","type-post","status-publish","format-standard","has-post-thumbnail","hentry","category-geral"],"views":680,"_links":{"self":[{"href":"https:\/\/www.sudoestehoje.com.br\/novoportal\/wp-json\/wp\/v2\/posts\/102574","targetHints":{"allow":["GET"]}}],"collection":[{"href":"https:\/\/www.sudoestehoje.com.br\/novoportal\/wp-json\/wp\/v2\/posts"}],"about":[{"href":"https:\/\/www.sudoestehoje.com.br\/novoportal\/wp-json\/wp\/v2\/types\/post"}],"author":[{"embeddable":true,"href":"https:\/\/www.sudoestehoje.com.br\/novoportal\/wp-json\/wp\/v2\/users\/2"}],"replies":[{"embeddable":true,"href":"https:\/\/www.sudoestehoje.com.br\/novoportal\/wp-json\/wp\/v2\/comments?post=102574"}],"version-history":[{"count":3,"href":"https:\/\/www.sudoestehoje.com.br\/novoportal\/wp-json\/wp\/v2\/posts\/102574\/revisions"}],"predecessor-version":[{"id":102578,"href":"https:\/\/www.sudoestehoje.com.br\/novoportal\/wp-json\/wp\/v2\/posts\/102574\/revisions\/102578"}],"wp:featuredmedia":[{"embeddable":true,"href":"https:\/\/www.sudoestehoje.com.br\/novoportal\/wp-json\/wp\/v2\/media\/102575"}],"wp:attachment":[{"href":"https:\/\/www.sudoestehoje.com.br\/novoportal\/wp-json\/wp\/v2\/media?parent=102574"}],"wp:term":[{"taxonomy":"category","embeddable":true,"href":"https:\/\/www.sudoestehoje.com.br\/novoportal\/wp-json\/wp\/v2\/categories?post=102574"},{"taxonomy":"post_tag","embeddable":true,"href":"https:\/\/www.sudoestehoje.com.br\/novoportal\/wp-json\/wp\/v2\/tags?post=102574"}],"curies":[{"name":"wp","href":"https:\/\/api.w.org\/{rel}","templated":true}]}}