
{"id":102560,"date":"2022-06-07T20:49:28","date_gmt":"2022-06-07T23:49:28","guid":{"rendered":"https:\/\/www.sudoestehoje.com.br\/novoportal\/?p=102560"},"modified":"2022-06-07T20:49:28","modified_gmt":"2022-06-07T23:49:28","slug":"carnaval-de-salvador-pode-sair-do-circuito-barra-ondina-e-ir-para-a-boca-do-rio","status":"publish","type":"post","link":"https:\/\/www.sudoestehoje.com.br\/novoportal\/2022\/06\/07\/carnaval-de-salvador-pode-sair-do-circuito-barra-ondina-e-ir-para-a-boca-do-rio\/","title":{"rendered":"CARNAVAL DE SALVADOR PODE SAIR DO CIRCUITO BARRA\/ONDINA E IR PARA A BOCA DO RIO"},"content":{"rendered":"<p><a href=\"https:\/\/www.sudoestehoje.com.br\/novoportal\/wp-content\/uploads\/2022\/06\/carnaval-salvador-1-2-1000x530-1.jpg\"><img loading=\"lazy\" decoding=\"async\" class=\"aligncenter size-medium wp-image-102566\" src=\"https:\/\/www.sudoestehoje.com.br\/novoportal\/wp-content\/uploads\/2022\/06\/carnaval-salvador-1-2-1000x530-1-500x265.jpg\" alt=\"\" width=\"500\" height=\"265\" srcset=\"https:\/\/www.sudoestehoje.com.br\/novoportal\/wp-content\/uploads\/2022\/06\/carnaval-salvador-1-2-1000x530-1-500x265.jpg 500w, https:\/\/www.sudoestehoje.com.br\/novoportal\/wp-content\/uploads\/2022\/06\/carnaval-salvador-1-2-1000x530-1-700x371.jpg 700w, https:\/\/www.sudoestehoje.com.br\/novoportal\/wp-content\/uploads\/2022\/06\/carnaval-salvador-1-2-1000x530-1-768x407.jpg 768w, https:\/\/www.sudoestehoje.com.br\/novoportal\/wp-content\/uploads\/2022\/06\/carnaval-salvador-1-2-1000x530-1.jpg 1000w\" sizes=\"auto, (max-width: 500px) 100vw, 500px\" \/><\/a><\/p>\n<p>O prefeito Bruno Reis (Uni\u00e3o Brasil) confirmou hoje, durante coletiva de imprensa, a possibilidade de mudan\u00e7a do circuito Barra-Ondina, do Carnaval de Salvador, para o bairro da Boca do Rio.<\/p>\n<p>Durante autoriza\u00e7\u00e3o para amplia\u00e7\u00e3o da Estrada do Curralinho, o prefeito informou que est\u00e1 prevista a realiza\u00e7\u00e3o de uma grande interven\u00e7\u00e3o vi\u00e1ria, que se inicia na Boca do Rio, passa por Pitua\u00e7u e vai at\u00e9 o bairro de Piat\u00e3.<\/p>\n<p><a href=\"https:\/\/www.sudoestehoje.com.br\/novoportal\/wp-content\/uploads\/2022\/06\/csm_csm_csm_festival_da_virada_salvador_fb91279feb_6b7c897a1a_ac72f0e455.jpg\"><img loading=\"lazy\" decoding=\"async\" class=\"aligncenter size-medium wp-image-102565\" src=\"https:\/\/www.sudoestehoje.com.br\/novoportal\/wp-content\/uploads\/2022\/06\/csm_csm_csm_festival_da_virada_salvador_fb91279feb_6b7c897a1a_ac72f0e455-500x311.jpg\" alt=\"\" width=\"500\" height=\"311\" srcset=\"https:\/\/www.sudoestehoje.com.br\/novoportal\/wp-content\/uploads\/2022\/06\/csm_csm_csm_festival_da_virada_salvador_fb91279feb_6b7c897a1a_ac72f0e455-500x311.jpg 500w, https:\/\/www.sudoestehoje.com.br\/novoportal\/wp-content\/uploads\/2022\/06\/csm_csm_csm_festival_da_virada_salvador_fb91279feb_6b7c897a1a_ac72f0e455-700x436.jpg 700w, https:\/\/www.sudoestehoje.com.br\/novoportal\/wp-content\/uploads\/2022\/06\/csm_csm_csm_festival_da_virada_salvador_fb91279feb_6b7c897a1a_ac72f0e455-768x478.jpg 768w, https:\/\/www.sudoestehoje.com.br\/novoportal\/wp-content\/uploads\/2022\/06\/csm_csm_csm_festival_da_virada_salvador_fb91279feb_6b7c897a1a_ac72f0e455.jpg 940w\" sizes=\"auto, (max-width: 500px) 100vw, 500px\" \/><\/a><\/p>\n<p>O Conselho do Carnaval pretende apresentar um projeto \u00e0 Prefeitura para viabilizar a mudan\u00e7a. \u201cO Conselho do Carnaval, provocado por um grupo de empres\u00e1rios do Carnaval, ficou de apresentar um projeto \u00e0 Prefeitura para somente o circuito Barra-Ondina. Os demais permaneceriam da mesma forma que est\u00e3o no Carnaval at\u00e9 ent\u00e3o, para a Prefeitura avaliar a possibilidade de transfer\u00eancia\u201d, afirmou.<\/p>\n","protected":false},"excerpt":{"rendered":"<p>O prefeito Bruno Reis (Uni\u00e3o Brasil) confirmou hoje, durante coletiva de imprensa, a possibilidade de mudan\u00e7a do circuito Barra-Ondina, do Carnaval de Salvador, para o bairro da Boca do Rio. Durante autoriza\u00e7\u00e3o para amplia\u00e7\u00e3o da Estrada do Curralinho, o prefeito informou que est\u00e1 prevista a realiza\u00e7\u00e3o de uma grande interven\u00e7\u00e3o vi\u00e1ria, que se inicia na [&hellip;]<\/p>\n","protected":false},"author":2,"featured_media":102565,"comment_status":"open","ping_status":"open","sticky":false,"template":"","format":"standard","meta":{"footnotes":"","_links_to":"","_links_to_target":""},"categories":[1],"tags":[],"class_list":["post-102560","post","type-post","status-publish","format-standard","has-post-thumbnail","hentry","category-geral"],"views":980,"_links":{"self":[{"href":"https:\/\/www.sudoestehoje.com.br\/novoportal\/wp-json\/wp\/v2\/posts\/102560","targetHints":{"allow":["GET"]}}],"collection":[{"href":"https:\/\/www.sudoestehoje.com.br\/novoportal\/wp-json\/wp\/v2\/posts"}],"about":[{"href":"https:\/\/www.sudoestehoje.com.br\/novoportal\/wp-json\/wp\/v2\/types\/post"}],"author":[{"embeddable":true,"href":"https:\/\/www.sudoestehoje.com.br\/novoportal\/wp-json\/wp\/v2\/users\/2"}],"replies":[{"embeddable":true,"href":"https:\/\/www.sudoestehoje.com.br\/novoportal\/wp-json\/wp\/v2\/comments?post=102560"}],"version-history":[{"count":5,"href":"https:\/\/www.sudoestehoje.com.br\/novoportal\/wp-json\/wp\/v2\/posts\/102560\/revisions"}],"predecessor-version":[{"id":102567,"href":"https:\/\/www.sudoestehoje.com.br\/novoportal\/wp-json\/wp\/v2\/posts\/102560\/revisions\/102567"}],"wp:featuredmedia":[{"embeddable":true,"href":"https:\/\/www.sudoestehoje.com.br\/novoportal\/wp-json\/wp\/v2\/media\/102565"}],"wp:attachment":[{"href":"https:\/\/www.sudoestehoje.com.br\/novoportal\/wp-json\/wp\/v2\/media?parent=102560"}],"wp:term":[{"taxonomy":"category","embeddable":true,"href":"https:\/\/www.sudoestehoje.com.br\/novoportal\/wp-json\/wp\/v2\/categories?post=102560"},{"taxonomy":"post_tag","embeddable":true,"href":"https:\/\/www.sudoestehoje.com.br\/novoportal\/wp-json\/wp\/v2\/tags?post=102560"}],"curies":[{"name":"wp","href":"https:\/\/api.w.org\/{rel}","templated":true}]}}