
{"id":102546,"date":"2022-06-07T10:05:47","date_gmt":"2022-06-07T13:05:47","guid":{"rendered":"https:\/\/www.sudoestehoje.com.br\/novoportal\/?p=102546"},"modified":"2022-06-07T10:05:47","modified_gmt":"2022-06-07T13:05:47","slug":"clima-de-sao-joao-acende-a-fogueira-no-comercio-de-itapetinga","status":"publish","type":"post","link":"https:\/\/www.sudoestehoje.com.br\/novoportal\/2022\/06\/07\/clima-de-sao-joao-acende-a-fogueira-no-comercio-de-itapetinga\/","title":{"rendered":"CLIMA DE S\u00c3O JO\u00c3O &#8216;ACENDE A FOGUEIRA&#8217; NO COM\u00c9RCIO DE ITAPETINGA"},"content":{"rendered":"<p><a href=\"https:\/\/www.sudoestehoje.com.br\/novoportal\/wp-content\/uploads\/2022\/06\/WhatsApp-Image-2022-06-07-at-10.01.26.jpeg\"><img loading=\"lazy\" decoding=\"async\" class=\"aligncenter size-medium wp-image-102548\" src=\"https:\/\/www.sudoestehoje.com.br\/novoportal\/wp-content\/uploads\/2022\/06\/WhatsApp-Image-2022-06-07-at-10.01.26-500x276.jpeg\" alt=\"\" width=\"500\" height=\"276\" srcset=\"https:\/\/www.sudoestehoje.com.br\/novoportal\/wp-content\/uploads\/2022\/06\/WhatsApp-Image-2022-06-07-at-10.01.26-500x276.jpeg 500w, https:\/\/www.sudoestehoje.com.br\/novoportal\/wp-content\/uploads\/2022\/06\/WhatsApp-Image-2022-06-07-at-10.01.26-700x387.jpeg 700w, https:\/\/www.sudoestehoje.com.br\/novoportal\/wp-content\/uploads\/2022\/06\/WhatsApp-Image-2022-06-07-at-10.01.26-768x425.jpeg 768w, https:\/\/www.sudoestehoje.com.br\/novoportal\/wp-content\/uploads\/2022\/06\/WhatsApp-Image-2022-06-07-at-10.01.26-1536x849.jpeg 1536w, https:\/\/www.sudoestehoje.com.br\/novoportal\/wp-content\/uploads\/2022\/06\/WhatsApp-Image-2022-06-07-at-10.01.26.jpeg 1599w\" sizes=\"auto, (max-width: 500px) 100vw, 500px\" \/><\/a><\/p>\n<p>Com a proximidade dos festejos juninos e da grande festa que se realizar\u00e1 no Parque da Lagoa, em Itapetinga, o com\u00e9rcio local vai de &#8216;<em>vento em popa<\/em>&#8216;, neste in\u00edcio do m\u00eas de junho, com perspectiva de melhora at\u00e9 o S\u00e3o Jo\u00e3o.<\/p>\n<p>Em conversa informal com representantes da CDL, o<em> Sudoeste Hoje<\/em> foi informado que houve um aumento significativo nas vendas durante o m\u00eas de maio e que a expectativa \u00e9 que haja uma grande movimenta\u00e7\u00e3o no m\u00eas de junho.<\/p>\n<p>Segundo a CDL, os lojistas j\u00e1 est\u00e3o otimistas e providenciando a reposi\u00e7\u00e3o dos estoques, com itens relacionados aos festejos juninos e moda inverno, para atender toda a regi\u00e3o.<\/p>\n<p>E VIVA S\u00c3O JO\u00c3O!!!!<\/p>\n<p><strong><em>Por Davi Ferraz<\/em><\/strong><\/p>\n","protected":false},"excerpt":{"rendered":"<p>Com a proximidade dos festejos juninos e da grande festa que se realizar\u00e1 no Parque da Lagoa, em Itapetinga, o com\u00e9rcio local vai de &#8216;vento em popa&#8216;, neste in\u00edcio do m\u00eas de junho, com perspectiva de melhora at\u00e9 o S\u00e3o Jo\u00e3o. Em conversa informal com representantes da CDL, o Sudoeste Hoje foi informado que houve [&hellip;]<\/p>\n","protected":false},"author":2,"featured_media":102548,"comment_status":"open","ping_status":"open","sticky":false,"template":"","format":"standard","meta":{"footnotes":"","_links_to":"","_links_to_target":""},"categories":[1],"tags":[],"class_list":["post-102546","post","type-post","status-publish","format-standard","has-post-thumbnail","hentry","category-geral"],"views":1235,"_links":{"self":[{"href":"https:\/\/www.sudoestehoje.com.br\/novoportal\/wp-json\/wp\/v2\/posts\/102546","targetHints":{"allow":["GET"]}}],"collection":[{"href":"https:\/\/www.sudoestehoje.com.br\/novoportal\/wp-json\/wp\/v2\/posts"}],"about":[{"href":"https:\/\/www.sudoestehoje.com.br\/novoportal\/wp-json\/wp\/v2\/types\/post"}],"author":[{"embeddable":true,"href":"https:\/\/www.sudoestehoje.com.br\/novoportal\/wp-json\/wp\/v2\/users\/2"}],"replies":[{"embeddable":true,"href":"https:\/\/www.sudoestehoje.com.br\/novoportal\/wp-json\/wp\/v2\/comments?post=102546"}],"version-history":[{"count":2,"href":"https:\/\/www.sudoestehoje.com.br\/novoportal\/wp-json\/wp\/v2\/posts\/102546\/revisions"}],"predecessor-version":[{"id":102549,"href":"https:\/\/www.sudoestehoje.com.br\/novoportal\/wp-json\/wp\/v2\/posts\/102546\/revisions\/102549"}],"wp:featuredmedia":[{"embeddable":true,"href":"https:\/\/www.sudoestehoje.com.br\/novoportal\/wp-json\/wp\/v2\/media\/102548"}],"wp:attachment":[{"href":"https:\/\/www.sudoestehoje.com.br\/novoportal\/wp-json\/wp\/v2\/media?parent=102546"}],"wp:term":[{"taxonomy":"category","embeddable":true,"href":"https:\/\/www.sudoestehoje.com.br\/novoportal\/wp-json\/wp\/v2\/categories?post=102546"},{"taxonomy":"post_tag","embeddable":true,"href":"https:\/\/www.sudoestehoje.com.br\/novoportal\/wp-json\/wp\/v2\/tags?post=102546"}],"curies":[{"name":"wp","href":"https:\/\/api.w.org\/{rel}","templated":true}]}}