
{"id":102456,"date":"2022-06-05T21:47:29","date_gmt":"2022-06-06T00:47:29","guid":{"rendered":"https:\/\/www.sudoestehoje.com.br\/novoportal\/?p=102456"},"modified":"2022-06-05T21:59:08","modified_gmt":"2022-06-06T00:59:08","slug":"video-mesmo-com-atraso-show-de-thiago-aquino-foi-um-sucesso-em-itapetinga","status":"publish","type":"post","link":"https:\/\/www.sudoestehoje.com.br\/novoportal\/2022\/06\/05\/video-mesmo-com-atraso-show-de-thiago-aquino-foi-um-sucesso-em-itapetinga\/","title":{"rendered":"V\u00cdDEO | MESMO COM ATRASO, SHOW DE THIAGO AQUINO FOI UM SUCESSO EM ITAPETINGA"},"content":{"rendered":"<p><a href=\"https:\/\/www.sudoestehoje.com.br\/novoportal\/wp-content\/uploads\/2022\/06\/WhatsApp-Image-2022-06-05-at-21.36.26.jpeg\"><img loading=\"lazy\" decoding=\"async\" class=\"aligncenter size-medium wp-image-102458\" src=\"https:\/\/www.sudoestehoje.com.br\/novoportal\/wp-content\/uploads\/2022\/06\/WhatsApp-Image-2022-06-05-at-21.36.26-500x366.jpeg\" alt=\"\" width=\"500\" height=\"366\" srcset=\"https:\/\/www.sudoestehoje.com.br\/novoportal\/wp-content\/uploads\/2022\/06\/WhatsApp-Image-2022-06-05-at-21.36.26-500x366.jpeg 500w, https:\/\/www.sudoestehoje.com.br\/novoportal\/wp-content\/uploads\/2022\/06\/WhatsApp-Image-2022-06-05-at-21.36.26.jpeg 681w\" sizes=\"auto, (max-width: 500px) 100vw, 500px\" \/><\/a><\/p>\n<p>O p\u00fablico jovem de Itapetinga viveu momentos de muita apreens\u00e3o e espera, na noite deste s\u00e1bado (4), com a informa\u00e7\u00e3o de que o cantor de &#8216;arrocha&#8217; <strong>Thiago Aquino<\/strong> havia cancelado o show na cidade, marcado para a meia-noite.<\/p>\n<p>Em v\u00eddeo postado nas redes sociais, o pr\u00f3prio cantor informou que devido ao mau tempo n\u00e3o chegaria a Itapetinga no hor\u00e1rio marcado, cancelando o show, mas nem por isso o p\u00fablico arredou p\u00e9 do Parque de Exposi\u00e7\u00f5es, at\u00e9 que o show foi confirmado pelos organizadores.<\/p>\n<p><a href=\"https:\/\/www.sudoestehoje.com.br\/novoportal\/wp-content\/uploads\/2022\/06\/WhatsApp-Image-2022-06-05-at-19.13.16.jpeg\"><img loading=\"lazy\" decoding=\"async\" class=\"aligncenter size-medium wp-image-102460\" src=\"https:\/\/www.sudoestehoje.com.br\/novoportal\/wp-content\/uploads\/2022\/06\/WhatsApp-Image-2022-06-05-at-19.13.16-500x281.jpeg\" alt=\"\" width=\"500\" height=\"281\" srcset=\"https:\/\/www.sudoestehoje.com.br\/novoportal\/wp-content\/uploads\/2022\/06\/WhatsApp-Image-2022-06-05-at-19.13.16-500x281.jpeg 500w, https:\/\/www.sudoestehoje.com.br\/novoportal\/wp-content\/uploads\/2022\/06\/WhatsApp-Image-2022-06-05-at-19.13.16-700x394.jpeg 700w, https:\/\/www.sudoestehoje.com.br\/novoportal\/wp-content\/uploads\/2022\/06\/WhatsApp-Image-2022-06-05-at-19.13.16-768x432.jpeg 768w, https:\/\/www.sudoestehoje.com.br\/novoportal\/wp-content\/uploads\/2022\/06\/WhatsApp-Image-2022-06-05-at-19.13.16-1536x864.jpeg 1536w, https:\/\/www.sudoestehoje.com.br\/novoportal\/wp-content\/uploads\/2022\/06\/WhatsApp-Image-2022-06-05-at-19.13.16.jpeg 1599w\" sizes=\"auto, (max-width: 500px) 100vw, 500px\" \/><\/a><\/p>\n<p>\u00c0s 7:30h da manh\u00e3 deste domingo, Thiago Aquino finalmente subiu ao palco, realizando uma apresenta\u00e7\u00e3o memor\u00e1vel para mais de 10 mil pessoas que lotaram a \u00e1rea de eventos do Parque Juvino Oliveira.<\/p>\n<p>&#8220;<em>Foi uma grande festa, vendeu tudo<\/em>&#8220;, disse o promotor de eventos Bizunga, um dos realizadores do evento. Segundo ele, as bebidas acabaram, mas os ambulantes que estavam do lado de fora foram convidados a entrar na festa, abastecendo os p\u00fablico sedento daquela cervejinha gelada que estava faltando.<\/p>\n<p><a href=\"https:\/\/www.sudoestehoje.com.br\/novoportal\/wp-content\/uploads\/2022\/06\/WhatsApp-Image-2022-06-05-at-19.13.16-1.jpeg\"><img loading=\"lazy\" decoding=\"async\" class=\"aligncenter size-medium wp-image-102459\" src=\"https:\/\/www.sudoestehoje.com.br\/novoportal\/wp-content\/uploads\/2022\/06\/WhatsApp-Image-2022-06-05-at-19.13.16-1-500x281.jpeg\" alt=\"\" width=\"500\" height=\"281\" srcset=\"https:\/\/www.sudoestehoje.com.br\/novoportal\/wp-content\/uploads\/2022\/06\/WhatsApp-Image-2022-06-05-at-19.13.16-1-500x281.jpeg 500w, https:\/\/www.sudoestehoje.com.br\/novoportal\/wp-content\/uploads\/2022\/06\/WhatsApp-Image-2022-06-05-at-19.13.16-1-700x394.jpeg 700w, https:\/\/www.sudoestehoje.com.br\/novoportal\/wp-content\/uploads\/2022\/06\/WhatsApp-Image-2022-06-05-at-19.13.16-1-768x432.jpeg 768w, https:\/\/www.sudoestehoje.com.br\/novoportal\/wp-content\/uploads\/2022\/06\/WhatsApp-Image-2022-06-05-at-19.13.16-1-1536x864.jpeg 1536w, https:\/\/www.sudoestehoje.com.br\/novoportal\/wp-content\/uploads\/2022\/06\/WhatsApp-Image-2022-06-05-at-19.13.16-1.jpeg 1599w\" sizes=\"auto, (max-width: 500px) 100vw, 500px\" \/><\/a><\/p>\n<p>Com o fim das restri\u00e7\u00f5es, devido \u00e0 pandemia, a volta das festas e shows t\u00eam recebido grandes p\u00fablicos em todos os lugares, havendo uma grande expectativa em rela\u00e7\u00e3o aos festejos juninos no Parque da Lagoa, em Itapetinga, que t\u00eam tudo tudo para ser um sucesso. <strong><em>Veja v\u00eddeo:<\/em><\/strong><\/p>\n<div style=\"width: 352px;\" class=\"wp-video\"><!--[if lt IE 9]><script>document.createElement('video');<\/script><![endif]-->\n<video class=\"wp-video-shortcode\" id=\"video-102456-1\" width=\"352\" height=\"640\" preload=\"metadata\" controls=\"controls\"><source type=\"video\/mp4\" src=\"https:\/\/www.sudoestehoje.com.br\/novoportal\/wp-content\/uploads\/2022\/06\/WhatsApp-Video-2022-06-05-at-19.13.15.mp4?_=1\" \/><a href=\"https:\/\/www.sudoestehoje.com.br\/novoportal\/wp-content\/uploads\/2022\/06\/WhatsApp-Video-2022-06-05-at-19.13.15.mp4\">https:\/\/www.sudoestehoje.com.br\/novoportal\/wp-content\/uploads\/2022\/06\/WhatsApp-Video-2022-06-05-at-19.13.15.mp4<\/a><\/video><\/div>\n<p><strong><em>Por Davi Ferraz<\/em><\/strong><\/p>\n","protected":false},"excerpt":{"rendered":"<p>O p\u00fablico jovem de Itapetinga viveu momentos de muita apreens\u00e3o e espera, na noite deste s\u00e1bado (4), com a informa\u00e7\u00e3o de que o cantor de &#8216;arrocha&#8217; Thiago Aquino havia cancelado o show na cidade, marcado para a meia-noite. Em v\u00eddeo postado nas redes sociais, o pr\u00f3prio cantor informou que devido ao mau tempo n\u00e3o chegaria [&hellip;]<\/p>\n","protected":false},"author":2,"featured_media":102458,"comment_status":"open","ping_status":"open","sticky":false,"template":"","format":"standard","meta":{"footnotes":"","_links_to":"","_links_to_target":""},"categories":[1],"tags":[],"class_list":["post-102456","post","type-post","status-publish","format-standard","has-post-thumbnail","hentry","category-geral"],"views":1324,"_links":{"self":[{"href":"https:\/\/www.sudoestehoje.com.br\/novoportal\/wp-json\/wp\/v2\/posts\/102456","targetHints":{"allow":["GET"]}}],"collection":[{"href":"https:\/\/www.sudoestehoje.com.br\/novoportal\/wp-json\/wp\/v2\/posts"}],"about":[{"href":"https:\/\/www.sudoestehoje.com.br\/novoportal\/wp-json\/wp\/v2\/types\/post"}],"author":[{"embeddable":true,"href":"https:\/\/www.sudoestehoje.com.br\/novoportal\/wp-json\/wp\/v2\/users\/2"}],"replies":[{"embeddable":true,"href":"https:\/\/www.sudoestehoje.com.br\/novoportal\/wp-json\/wp\/v2\/comments?post=102456"}],"version-history":[{"count":3,"href":"https:\/\/www.sudoestehoje.com.br\/novoportal\/wp-json\/wp\/v2\/posts\/102456\/revisions"}],"predecessor-version":[{"id":102463,"href":"https:\/\/www.sudoestehoje.com.br\/novoportal\/wp-json\/wp\/v2\/posts\/102456\/revisions\/102463"}],"wp:featuredmedia":[{"embeddable":true,"href":"https:\/\/www.sudoestehoje.com.br\/novoportal\/wp-json\/wp\/v2\/media\/102458"}],"wp:attachment":[{"href":"https:\/\/www.sudoestehoje.com.br\/novoportal\/wp-json\/wp\/v2\/media?parent=102456"}],"wp:term":[{"taxonomy":"category","embeddable":true,"href":"https:\/\/www.sudoestehoje.com.br\/novoportal\/wp-json\/wp\/v2\/categories?post=102456"},{"taxonomy":"post_tag","embeddable":true,"href":"https:\/\/www.sudoestehoje.com.br\/novoportal\/wp-json\/wp\/v2\/tags?post=102456"}],"curies":[{"name":"wp","href":"https:\/\/api.w.org\/{rel}","templated":true}]}}