
{"id":102381,"date":"2022-05-24T18:10:22","date_gmt":"2022-05-24T21:10:22","guid":{"rendered":"https:\/\/www.sudoestehoje.com.br\/novoportal\/?p=102381"},"modified":"2022-06-01T18:10:54","modified_gmt":"2022-06-01T21:10:54","slug":"pedro-tavares-ressalta-pedido-de-recuperacao-da-ba-491-que-liga-governador-mangabeira-a-cabaceiras-do-paraguacu","status":"publish","type":"post","link":"https:\/\/www.sudoestehoje.com.br\/novoportal\/2022\/05\/24\/pedro-tavares-ressalta-pedido-de-recuperacao-da-ba-491-que-liga-governador-mangabeira-a-cabaceiras-do-paraguacu\/","title":{"rendered":"PEDRO TAVARES RESSALTA PEDIDO DE RECUPERA\u00c7\u00c3O DA BA-491 QUE LIGA GOVERNADOR MANGABEIRA A CABACEIRAS DO PARAGUA\u00c7U"},"content":{"rendered":"<p><a href=\"https:\/\/www.sudoestehoje.com.br\/novoportal\/wp-content\/uploads\/2022\/06\/WhatsApp-Image-2022-06-01-at-18.02.33.jpeg\"><img loading=\"lazy\" decoding=\"async\" class=\"aligncenter size-medium wp-image-102383\" src=\"https:\/\/www.sudoestehoje.com.br\/novoportal\/wp-content\/uploads\/2022\/06\/WhatsApp-Image-2022-06-01-at-18.02.33-500x333.jpeg\" alt=\"\" width=\"500\" height=\"333\" srcset=\"https:\/\/www.sudoestehoje.com.br\/novoportal\/wp-content\/uploads\/2022\/06\/WhatsApp-Image-2022-06-01-at-18.02.33-500x333.jpeg 500w, https:\/\/www.sudoestehoje.com.br\/novoportal\/wp-content\/uploads\/2022\/06\/WhatsApp-Image-2022-06-01-at-18.02.33-700x466.jpeg 700w, https:\/\/www.sudoestehoje.com.br\/novoportal\/wp-content\/uploads\/2022\/06\/WhatsApp-Image-2022-06-01-at-18.02.33-768x512.jpeg 768w, https:\/\/www.sudoestehoje.com.br\/novoportal\/wp-content\/uploads\/2022\/06\/WhatsApp-Image-2022-06-01-at-18.02.33.jpeg 1280w\" sizes=\"auto, (max-width: 500px) 100vw, 500px\" \/><\/a><\/p>\n<p>O deputado estadual Pedro Tavares (Uni\u00e3o Brasil) reiterou a cobran\u00e7a ao Governo do estado em favor da recupera\u00e7\u00e3o da BA-491, que liga o munic\u00edpio de Governador Mangabeira \u00e0 Cabaceiras do Paragua\u00e7u. Segundo o parlamentar, a gest\u00e3o estadual precisa recuperar de forma urgente essa rodovia que tem grande import\u00e2ncia para a regi\u00e3o, sendo liga\u00e7\u00e3o entre a BR-101 e a BR116.<\/p>\n<p>\u201cS\u00e3o p\u00e9ssimas as condi\u00e7\u00f5es da estrada, com muitos buracos, levando riscos aos motoristas e motociclistas. \u00c9 lament\u00e1vel a situa\u00e7\u00e3o da estrada que liga os munic\u00edpios de Governador Mangabeira \u00e0 Cabaceiras do Paragua\u00e7u, chegando \u00e0 balsa. Diante do abandono da rodovia e da demora do Governo do estado em se manifestar, o prefeito de Governador Mangabeira, fez uma obra de reparo na estrada, que \u00e9 essencial ao trajeto di\u00e1rio entre as localidades da regi\u00e3o. Mas, agora em virtude do longo per\u00edodo de chuvas, a BA est\u00e1 totalmente esburacada de novo. Pedimos a sensibilidade do Governo para que recupere j\u00e1 essa estrada, tendo em vista os preju\u00edzos e os riscos que os cidad\u00e3os que trafegam por ela est\u00e3o sofrendo diariamente \u201d, relatou Tavares.<\/p>\n","protected":false},"excerpt":{"rendered":"<p>O deputado estadual Pedro Tavares (Uni\u00e3o Brasil) reiterou a cobran\u00e7a ao Governo do estado em favor da recupera\u00e7\u00e3o da BA-491, que liga o munic\u00edpio de Governador Mangabeira \u00e0 Cabaceiras do Paragua\u00e7u. Segundo o parlamentar, a gest\u00e3o estadual precisa recuperar de forma urgente essa rodovia que tem grande import\u00e2ncia para a regi\u00e3o, sendo liga\u00e7\u00e3o entre a [&hellip;]<\/p>\n","protected":false},"author":2,"featured_media":102383,"comment_status":"open","ping_status":"open","sticky":false,"template":"","format":"standard","meta":{"footnotes":"","_links_to":"","_links_to_target":""},"categories":[1],"tags":[],"class_list":["post-102381","post","type-post","status-publish","format-standard","has-post-thumbnail","hentry","category-geral"],"views":552,"_links":{"self":[{"href":"https:\/\/www.sudoestehoje.com.br\/novoportal\/wp-json\/wp\/v2\/posts\/102381","targetHints":{"allow":["GET"]}}],"collection":[{"href":"https:\/\/www.sudoestehoje.com.br\/novoportal\/wp-json\/wp\/v2\/posts"}],"about":[{"href":"https:\/\/www.sudoestehoje.com.br\/novoportal\/wp-json\/wp\/v2\/types\/post"}],"author":[{"embeddable":true,"href":"https:\/\/www.sudoestehoje.com.br\/novoportal\/wp-json\/wp\/v2\/users\/2"}],"replies":[{"embeddable":true,"href":"https:\/\/www.sudoestehoje.com.br\/novoportal\/wp-json\/wp\/v2\/comments?post=102381"}],"version-history":[{"count":2,"href":"https:\/\/www.sudoestehoje.com.br\/novoportal\/wp-json\/wp\/v2\/posts\/102381\/revisions"}],"predecessor-version":[{"id":102384,"href":"https:\/\/www.sudoestehoje.com.br\/novoportal\/wp-json\/wp\/v2\/posts\/102381\/revisions\/102384"}],"wp:featuredmedia":[{"embeddable":true,"href":"https:\/\/www.sudoestehoje.com.br\/novoportal\/wp-json\/wp\/v2\/media\/102383"}],"wp:attachment":[{"href":"https:\/\/www.sudoestehoje.com.br\/novoportal\/wp-json\/wp\/v2\/media?parent=102381"}],"wp:term":[{"taxonomy":"category","embeddable":true,"href":"https:\/\/www.sudoestehoje.com.br\/novoportal\/wp-json\/wp\/v2\/categories?post=102381"},{"taxonomy":"post_tag","embeddable":true,"href":"https:\/\/www.sudoestehoje.com.br\/novoportal\/wp-json\/wp\/v2\/tags?post=102381"}],"curies":[{"name":"wp","href":"https:\/\/api.w.org\/{rel}","templated":true}]}}