
{"id":102376,"date":"2022-06-01T10:13:51","date_gmt":"2022-06-01T13:13:51","guid":{"rendered":"https:\/\/www.sudoestehoje.com.br\/novoportal\/?p=102376"},"modified":"2022-06-01T10:13:51","modified_gmt":"2022-06-01T13:13:51","slug":"camara-dos-deputados-aprova-medida-provisoria-que-unifica-cartorios-no-brasil","status":"publish","type":"post","link":"https:\/\/www.sudoestehoje.com.br\/novoportal\/2022\/06\/01\/camara-dos-deputados-aprova-medida-provisoria-que-unifica-cartorios-no-brasil\/","title":{"rendered":"C\u00c2MARA DOS DEPUTADOS APROVA MEDIDA PROVIS\u00d3RIA QUE UNIFICA CART\u00d3RIOS NO BRASIL"},"content":{"rendered":"<p><a href=\"https:\/\/www.sudoestehoje.com.br\/novoportal\/wp-content\/uploads\/2022\/06\/reuniao_sobre_impl_cartorio_unificado_forum_civel_juiz_herbert_lisboa_21_09_2021_66-1.jpg\"><img loading=\"lazy\" decoding=\"async\" class=\"aligncenter size-medium wp-image-102377\" src=\"https:\/\/www.sudoestehoje.com.br\/novoportal\/wp-content\/uploads\/2022\/06\/reuniao_sobre_impl_cartorio_unificado_forum_civel_juiz_herbert_lisboa_21_09_2021_66-1-500x331.jpg\" alt=\"\" width=\"500\" height=\"331\" srcset=\"https:\/\/www.sudoestehoje.com.br\/novoportal\/wp-content\/uploads\/2022\/06\/reuniao_sobre_impl_cartorio_unificado_forum_civel_juiz_herbert_lisboa_21_09_2021_66-1-500x331.jpg 500w, https:\/\/www.sudoestehoje.com.br\/novoportal\/wp-content\/uploads\/2022\/06\/reuniao_sobre_impl_cartorio_unificado_forum_civel_juiz_herbert_lisboa_21_09_2021_66-1-700x464.jpg 700w, https:\/\/www.sudoestehoje.com.br\/novoportal\/wp-content\/uploads\/2022\/06\/reuniao_sobre_impl_cartorio_unificado_forum_civel_juiz_herbert_lisboa_21_09_2021_66-1-768x509.jpg 768w, https:\/\/www.sudoestehoje.com.br\/novoportal\/wp-content\/uploads\/2022\/06\/reuniao_sobre_impl_cartorio_unificado_forum_civel_juiz_herbert_lisboa_21_09_2021_66-1-1536x1018.jpg 1536w, https:\/\/www.sudoestehoje.com.br\/novoportal\/wp-content\/uploads\/2022\/06\/reuniao_sobre_impl_cartorio_unificado_forum_civel_juiz_herbert_lisboa_21_09_2021_66-1.jpg 1600w\" sizes=\"auto, (max-width: 500px) 100vw, 500px\" \/><\/a><\/p>\n<p>O plen\u00e1rio da C\u00e2mara aprovou nesta ter\u00e7a-feira (31) uma medida provis\u00f3ria (MP) que unifica sistemas de cart\u00f3rios de todo o pa\u00eds por meio da efetiva\u00e7\u00e3o do Sistema Eletr\u00f4nico dos Registros P\u00fablicos (Serp). O texto foi aprovado hoje no Senado e agora segue para san\u00e7\u00e3o presidencial e inclui v\u00e1rias mudan\u00e7as na legisla\u00e7\u00e3o sobre registro de im\u00f3veis e registro civil.<\/p>\n<p>O Serp, al\u00e9m de unificar o sistema cartorial, vai permitir registros e consultas pela internet. O texto da MP prev\u00ea a implanta\u00e7\u00e3o do sistema at\u00e9 31 de janeiro de 2023. Ap\u00f3s a implanta\u00e7\u00e3o, as certid\u00f5es ser\u00e3o extra\u00eddas por meio reprogr\u00e1fico ou eletr\u00f4nico, ou seja, os oficiais de registro estar\u00e3o dispensados de imprimir certid\u00f5es (civil ou de t\u00edtulos). As certid\u00f5es eletr\u00f4nicas devem ser feitas com o uso de tecnologia que permita ao usu\u00e1rio imprimi-las e identificar sua autenticidade, conforme crit\u00e9rios do Conselho Nacional de Justi\u00e7a (CNJ).<\/p>\n<p>De acordo com a medida, o Serp, que deve conectar as bases de dados de todos os tipos de cart\u00f3rios, ser\u00e1 implantado e gerenciado pelos oficiais de registros p\u00fablicos de todo o pa\u00eds, com ades\u00e3o obrigat\u00f3ria. O operador nacional do sistema ser\u00e1 uma entidade privada, na forma de associa\u00e7\u00e3o ou funda\u00e7\u00e3o sem fins lucrativos, a ser regulamentada pela Corregedoria Nacional de Justi\u00e7a, do Conselho Nacional de Justi\u00e7a (CNJ).<\/p>\n","protected":false},"excerpt":{"rendered":"<p>O plen\u00e1rio da C\u00e2mara aprovou nesta ter\u00e7a-feira (31) uma medida provis\u00f3ria (MP) que unifica sistemas de cart\u00f3rios de todo o pa\u00eds por meio da efetiva\u00e7\u00e3o do Sistema Eletr\u00f4nico dos Registros P\u00fablicos (Serp). O texto foi aprovado hoje no Senado e agora segue para san\u00e7\u00e3o presidencial e inclui v\u00e1rias mudan\u00e7as na legisla\u00e7\u00e3o sobre registro de im\u00f3veis [&hellip;]<\/p>\n","protected":false},"author":2,"featured_media":102377,"comment_status":"open","ping_status":"open","sticky":false,"template":"","format":"standard","meta":{"footnotes":"","_links_to":"","_links_to_target":""},"categories":[1],"tags":[],"class_list":["post-102376","post","type-post","status-publish","format-standard","has-post-thumbnail","hentry","category-geral"],"views":778,"_links":{"self":[{"href":"https:\/\/www.sudoestehoje.com.br\/novoportal\/wp-json\/wp\/v2\/posts\/102376","targetHints":{"allow":["GET"]}}],"collection":[{"href":"https:\/\/www.sudoestehoje.com.br\/novoportal\/wp-json\/wp\/v2\/posts"}],"about":[{"href":"https:\/\/www.sudoestehoje.com.br\/novoportal\/wp-json\/wp\/v2\/types\/post"}],"author":[{"embeddable":true,"href":"https:\/\/www.sudoestehoje.com.br\/novoportal\/wp-json\/wp\/v2\/users\/2"}],"replies":[{"embeddable":true,"href":"https:\/\/www.sudoestehoje.com.br\/novoportal\/wp-json\/wp\/v2\/comments?post=102376"}],"version-history":[{"count":2,"href":"https:\/\/www.sudoestehoje.com.br\/novoportal\/wp-json\/wp\/v2\/posts\/102376\/revisions"}],"predecessor-version":[{"id":102379,"href":"https:\/\/www.sudoestehoje.com.br\/novoportal\/wp-json\/wp\/v2\/posts\/102376\/revisions\/102379"}],"wp:featuredmedia":[{"embeddable":true,"href":"https:\/\/www.sudoestehoje.com.br\/novoportal\/wp-json\/wp\/v2\/media\/102377"}],"wp:attachment":[{"href":"https:\/\/www.sudoestehoje.com.br\/novoportal\/wp-json\/wp\/v2\/media?parent=102376"}],"wp:term":[{"taxonomy":"category","embeddable":true,"href":"https:\/\/www.sudoestehoje.com.br\/novoportal\/wp-json\/wp\/v2\/categories?post=102376"},{"taxonomy":"post_tag","embeddable":true,"href":"https:\/\/www.sudoestehoje.com.br\/novoportal\/wp-json\/wp\/v2\/tags?post=102376"}],"curies":[{"name":"wp","href":"https:\/\/api.w.org\/{rel}","templated":true}]}}