
{"id":102372,"date":"2022-06-01T09:59:57","date_gmt":"2022-06-01T12:59:57","guid":{"rendered":"https:\/\/www.sudoestehoje.com.br\/novoportal\/?p=102372"},"modified":"2022-06-01T09:59:57","modified_gmt":"2022-06-01T12:59:57","slug":"uniao-brasil-lanca-luciano-bivar-como-pre-candidato-a-presidente-da-republica","status":"publish","type":"post","link":"https:\/\/www.sudoestehoje.com.br\/novoportal\/2022\/06\/01\/uniao-brasil-lanca-luciano-bivar-como-pre-candidato-a-presidente-da-republica\/","title":{"rendered":"UNI\u00c3O BRASIL LAN\u00c7A LUCIANO BIVAR COMO PR\u00c9-CANDIDATO A PRESIDENTE DA REP\u00daBLICA"},"content":{"rendered":"<p><a href=\"https:\/\/www.sudoestehoje.com.br\/novoportal\/wp-content\/uploads\/2022\/06\/74478.jpg\"><img loading=\"lazy\" decoding=\"async\" class=\"aligncenter size-medium wp-image-102374\" src=\"https:\/\/www.sudoestehoje.com.br\/novoportal\/wp-content\/uploads\/2022\/06\/74478-500x375.jpg\" alt=\"\" width=\"500\" height=\"375\" srcset=\"https:\/\/www.sudoestehoje.com.br\/novoportal\/wp-content\/uploads\/2022\/06\/74478-500x375.jpg 500w, https:\/\/www.sudoestehoje.com.br\/novoportal\/wp-content\/uploads\/2022\/06\/74478.jpg 640w\" sizes=\"auto, (max-width: 500px) 100vw, 500px\" \/><\/a><\/p>\n<p>O Uni\u00e3o Brasil lan\u00e7ou, nesta ter\u00e7a-feira (31) em Bras\u00edlia, a pr\u00e9-candidatura do deputado federal Luciano Bivar \u00e0 Presid\u00eancia da Rep\u00fablica. O evento contou com a presen\u00e7a de diversas lideran\u00e7as do partido, como os ex-ministros S\u00e9rgio Moro, Mendon\u00e7a Filho, Luiz Henrique Mandetta, al\u00e9m dos ex-prefeito de Salvador, ACM Neto, do governador de Goi\u00e1s, Ronaldo Caiado, e do deputado federal Fernando Filho.<\/p>\n<p>O partido \u00e9\u00a0fruto da fus\u00e3o entre o DEM e o PSL, sigla que elegeu o presidente Jair Bolsonaro (atualmente no PL) em 2018.<\/p>\n<p>De acordo com Bivar, sua pr\u00e9-candidatura nasce com o intuito de uma op\u00e7\u00e3o entre a polariza\u00e7\u00e3o dos primeiros colocados nas pesquisas de inten\u00e7\u00e3o de voto, que atualmente \u00e9 Luiz In\u00e1cio Lula da Silva (PT) e Jair Bolsonaro (PL).\u201dConfesso que me deixa triste em ver que os interesses de planetas individuais se sobrep\u00f5em aos interesses do planeta Brasil. Eu n\u00e3o acho justo que os brasileiros vivam espremidos entre uma amea\u00e7a autorit\u00e1ria e outra populista. Se eu n\u00e3o fosse presidente desse partido, n\u00e3o aceitaria esse desafio\u201d, declarou Bivar durante seu discurso.<\/p>\n<p>Bivar afirmou ainda que sua candidatura ser\u00e1 focada na defesa de ideias liberais econ\u00f4micos e democr\u00e1ticos. O Uni\u00e3o Brasil apostou na proposta do imposto \u00fanico como plataforma de sua candidatura.<\/p>\n<p>Se confirmada sua candidatura neste ano, essa ser\u00e1 a segunda vez que o deputado pernambucano tentar\u00e1 se eleger presidente. Sua primeira tentativa foi em 2006, onde disputou pelo PSL e teve 62 mil votos e foi o \u00faltimo colocado.<\/p>\n","protected":false},"excerpt":{"rendered":"<p>O Uni\u00e3o Brasil lan\u00e7ou, nesta ter\u00e7a-feira (31) em Bras\u00edlia, a pr\u00e9-candidatura do deputado federal Luciano Bivar \u00e0 Presid\u00eancia da Rep\u00fablica. O evento contou com a presen\u00e7a de diversas lideran\u00e7as do partido, como os ex-ministros S\u00e9rgio Moro, Mendon\u00e7a Filho, Luiz Henrique Mandetta, al\u00e9m dos ex-prefeito de Salvador, ACM Neto, do governador de Goi\u00e1s, Ronaldo Caiado, e [&hellip;]<\/p>\n","protected":false},"author":2,"featured_media":102374,"comment_status":"open","ping_status":"open","sticky":false,"template":"","format":"standard","meta":{"footnotes":"","_links_to":"","_links_to_target":""},"categories":[1],"tags":[],"class_list":["post-102372","post","type-post","status-publish","format-standard","has-post-thumbnail","hentry","category-geral"],"views":841,"_links":{"self":[{"href":"https:\/\/www.sudoestehoje.com.br\/novoportal\/wp-json\/wp\/v2\/posts\/102372","targetHints":{"allow":["GET"]}}],"collection":[{"href":"https:\/\/www.sudoestehoje.com.br\/novoportal\/wp-json\/wp\/v2\/posts"}],"about":[{"href":"https:\/\/www.sudoestehoje.com.br\/novoportal\/wp-json\/wp\/v2\/types\/post"}],"author":[{"embeddable":true,"href":"https:\/\/www.sudoestehoje.com.br\/novoportal\/wp-json\/wp\/v2\/users\/2"}],"replies":[{"embeddable":true,"href":"https:\/\/www.sudoestehoje.com.br\/novoportal\/wp-json\/wp\/v2\/comments?post=102372"}],"version-history":[{"count":2,"href":"https:\/\/www.sudoestehoje.com.br\/novoportal\/wp-json\/wp\/v2\/posts\/102372\/revisions"}],"predecessor-version":[{"id":102375,"href":"https:\/\/www.sudoestehoje.com.br\/novoportal\/wp-json\/wp\/v2\/posts\/102372\/revisions\/102375"}],"wp:featuredmedia":[{"embeddable":true,"href":"https:\/\/www.sudoestehoje.com.br\/novoportal\/wp-json\/wp\/v2\/media\/102374"}],"wp:attachment":[{"href":"https:\/\/www.sudoestehoje.com.br\/novoportal\/wp-json\/wp\/v2\/media?parent=102372"}],"wp:term":[{"taxonomy":"category","embeddable":true,"href":"https:\/\/www.sudoestehoje.com.br\/novoportal\/wp-json\/wp\/v2\/categories?post=102372"},{"taxonomy":"post_tag","embeddable":true,"href":"https:\/\/www.sudoestehoje.com.br\/novoportal\/wp-json\/wp\/v2\/tags?post=102372"}],"curies":[{"name":"wp","href":"https:\/\/api.w.org\/{rel}","templated":true}]}}