
{"id":102368,"date":"2022-06-01T09:39:48","date_gmt":"2022-06-01T12:39:48","guid":{"rendered":"https:\/\/www.sudoestehoje.com.br\/novoportal\/?p=102368"},"modified":"2022-06-01T09:39:48","modified_gmt":"2022-06-01T12:39:48","slug":"substituicao-da-cnh-sera-gradual-e-sem-custo-extra-diz-detran-ba","status":"publish","type":"post","link":"https:\/\/www.sudoestehoje.com.br\/novoportal\/2022\/06\/01\/substituicao-da-cnh-sera-gradual-e-sem-custo-extra-diz-detran-ba\/","title":{"rendered":"SUBSTITUI\u00c7\u00c3O DA CNH SER\u00c1 GRADUAL E SEM CUSTO EXTRA, DIZ DETRAN-BA"},"content":{"rendered":"<p><a href=\"https:\/\/www.sudoestehoje.com.br\/novoportal\/wp-content\/uploads\/2022\/06\/csm_01062022_nova_cnh_Detran-BA_ItailuanDosAnjos__2__f599e2bff0-2.jpg\"><img loading=\"lazy\" decoding=\"async\" class=\"aligncenter size-medium wp-image-102370\" src=\"https:\/\/www.sudoestehoje.com.br\/novoportal\/wp-content\/uploads\/2022\/06\/csm_01062022_nova_cnh_Detran-BA_ItailuanDosAnjos__2__f599e2bff0-2-500x297.jpg\" alt=\"\" width=\"500\" height=\"297\" srcset=\"https:\/\/www.sudoestehoje.com.br\/novoportal\/wp-content\/uploads\/2022\/06\/csm_01062022_nova_cnh_Detran-BA_ItailuanDosAnjos__2__f599e2bff0-2-500x297.jpg 500w, https:\/\/www.sudoestehoje.com.br\/novoportal\/wp-content\/uploads\/2022\/06\/csm_01062022_nova_cnh_Detran-BA_ItailuanDosAnjos__2__f599e2bff0-2.jpg 594w\" sizes=\"auto, (max-width: 500px) 100vw, 500px\" \/><\/a><\/p>\n<p class=\"bodytext\">Seguindo a resolu\u00e7\u00e3o 886 do Conselho Nacional de Tr\u00e2nsito (Contran), o Detran-BA (Departamento Estadual de Tr\u00e2nsito) passa a imprimir os novos modelos da Carteira Nacional de Habilita\u00e7\u00e3o (CNH), a partir desta quarta-feira (1\u00ba). Para quem j\u00e1 possui habilita\u00e7\u00e3o, n\u00e3o haver\u00e1 necessidade de reemiss\u00e3o do documento que ser\u00e1 disponibilizado ao cidad\u00e3o sem custo extra.<\/p>\n<p class=\"bodytext\">A troca da CNH n\u00e3o \u00e9 obrigat\u00f3ria, ser\u00e1 feita de forma gradual para novas habilita\u00e7\u00f5es ou na emiss\u00e3o da segunda via do documento. O novo modelo conta com mais seguran\u00e7a, sistema avan\u00e7ado contra falsifica\u00e7\u00f5es, permitir\u00e1 a inclus\u00e3o do nome social e da filia\u00e7\u00e3o afetiva do condutor, al\u00e9m de contar com informa\u00e7\u00f5es em ingl\u00eas, franc\u00eas e portugu\u00eas.<\/p>\n","protected":false},"excerpt":{"rendered":"<p>Seguindo a resolu\u00e7\u00e3o 886 do Conselho Nacional de Tr\u00e2nsito (Contran), o Detran-BA (Departamento Estadual de Tr\u00e2nsito) passa a imprimir os novos modelos da Carteira Nacional de Habilita\u00e7\u00e3o (CNH), a partir desta quarta-feira (1\u00ba). Para quem j\u00e1 possui habilita\u00e7\u00e3o, n\u00e3o haver\u00e1 necessidade de reemiss\u00e3o do documento que ser\u00e1 disponibilizado ao cidad\u00e3o sem custo extra. A troca [&hellip;]<\/p>\n","protected":false},"author":2,"featured_media":102370,"comment_status":"open","ping_status":"open","sticky":false,"template":"","format":"standard","meta":{"footnotes":"","_links_to":"","_links_to_target":""},"categories":[1],"tags":[],"class_list":["post-102368","post","type-post","status-publish","format-standard","has-post-thumbnail","hentry","category-geral"],"views":1011,"_links":{"self":[{"href":"https:\/\/www.sudoestehoje.com.br\/novoportal\/wp-json\/wp\/v2\/posts\/102368","targetHints":{"allow":["GET"]}}],"collection":[{"href":"https:\/\/www.sudoestehoje.com.br\/novoportal\/wp-json\/wp\/v2\/posts"}],"about":[{"href":"https:\/\/www.sudoestehoje.com.br\/novoportal\/wp-json\/wp\/v2\/types\/post"}],"author":[{"embeddable":true,"href":"https:\/\/www.sudoestehoje.com.br\/novoportal\/wp-json\/wp\/v2\/users\/2"}],"replies":[{"embeddable":true,"href":"https:\/\/www.sudoestehoje.com.br\/novoportal\/wp-json\/wp\/v2\/comments?post=102368"}],"version-history":[{"count":1,"href":"https:\/\/www.sudoestehoje.com.br\/novoportal\/wp-json\/wp\/v2\/posts\/102368\/revisions"}],"predecessor-version":[{"id":102371,"href":"https:\/\/www.sudoestehoje.com.br\/novoportal\/wp-json\/wp\/v2\/posts\/102368\/revisions\/102371"}],"wp:featuredmedia":[{"embeddable":true,"href":"https:\/\/www.sudoestehoje.com.br\/novoportal\/wp-json\/wp\/v2\/media\/102370"}],"wp:attachment":[{"href":"https:\/\/www.sudoestehoje.com.br\/novoportal\/wp-json\/wp\/v2\/media?parent=102368"}],"wp:term":[{"taxonomy":"category","embeddable":true,"href":"https:\/\/www.sudoestehoje.com.br\/novoportal\/wp-json\/wp\/v2\/categories?post=102368"},{"taxonomy":"post_tag","embeddable":true,"href":"https:\/\/www.sudoestehoje.com.br\/novoportal\/wp-json\/wp\/v2\/tags?post=102368"}],"curies":[{"name":"wp","href":"https:\/\/api.w.org\/{rel}","templated":true}]}}