
{"id":102344,"date":"2022-05-30T18:02:43","date_gmt":"2022-05-30T21:02:43","guid":{"rendered":"https:\/\/www.sudoestehoje.com.br\/novoportal\/?p=102344"},"modified":"2022-05-30T18:05:53","modified_gmt":"2022-05-30T21:05:53","slug":"jovem-pedagogo-fabio-viana-e-o-novo-secretario-de-educacao-de-itapetinga","status":"publish","type":"post","link":"https:\/\/www.sudoestehoje.com.br\/novoportal\/2022\/05\/30\/jovem-pedagogo-fabio-viana-e-o-novo-secretario-de-educacao-de-itapetinga\/","title":{"rendered":"JOVEM PEDAGOGO F\u00c1BIO VIANA \u00c9 O NOVO SECRET\u00c1RIO DE EDUCA\u00c7\u00c3O DE ITAPETINGA"},"content":{"rendered":"<p><a href=\"https:\/\/www.sudoestehoje.com.br\/novoportal\/wp-content\/uploads\/2022\/05\/WhatsApp-Image-2022-05-30-at-10.39.18.jpeg\"><img loading=\"lazy\" decoding=\"async\" class=\"aligncenter size-medium wp-image-102346\" src=\"https:\/\/www.sudoestehoje.com.br\/novoportal\/wp-content\/uploads\/2022\/05\/WhatsApp-Image-2022-05-30-at-10.39.18-500x349.jpeg\" alt=\"\" width=\"500\" height=\"349\" srcset=\"https:\/\/www.sudoestehoje.com.br\/novoportal\/wp-content\/uploads\/2022\/05\/WhatsApp-Image-2022-05-30-at-10.39.18-500x349.jpeg 500w, https:\/\/www.sudoestehoje.com.br\/novoportal\/wp-content\/uploads\/2022\/05\/WhatsApp-Image-2022-05-30-at-10.39.18-700x489.jpeg 700w, https:\/\/www.sudoestehoje.com.br\/novoportal\/wp-content\/uploads\/2022\/05\/WhatsApp-Image-2022-05-30-at-10.39.18-768x536.jpeg 768w, https:\/\/www.sudoestehoje.com.br\/novoportal\/wp-content\/uploads\/2022\/05\/WhatsApp-Image-2022-05-30-at-10.39.18.jpeg 839w\" sizes=\"auto, (max-width: 500px) 100vw, 500px\" \/><\/a><\/p>\n<p>O pedagogo F\u00e1bio Viana assume, a partir desta segunda-feira, a Secretaria de Educa\u00e7\u00e3o de Itapetinga. Ap\u00f3s os dois anos de pandemia, a educa\u00e7\u00e3o precisa se reestruturar e trazer novos conceitos para a sala de aula. Jovem, mas muito experiente, F\u00e1bio buscar\u00e1 novos caminhos para reduzir o d\u00e9ficit educacional provocado pelo isolamento social e medidas restritivas dos \u00faltimos tempos.<\/p>\n<p>Formado pela Universidade Estadual do Sudoeste da Bahia, F\u00e1bio chega \u00e0 secretaria de educa\u00e7\u00e3o com a experi\u00eancia de coordena\u00e7\u00e3o de programas e projetos educacionais, finalizando um mestrado em educa\u00e7\u00e3o, tamb\u00e9m pela UESB. Chega com \u00e2nimo novo e garra para transformar a realidade e promover um futuro melhor para os nossos mais de 11 mil estudantes da rede municipal.<\/p>\n<p>\u201cNo \u00faltimo ano, F\u00e1bio demonstrou compet\u00eancia e for\u00e7a de trabalho que transformaram a nossa vis\u00e3o de meio ambiente no munic\u00edpio. A reestrutura\u00e7\u00e3o da Matinha, a implanta\u00e7\u00e3o de novos conceitos sobre conserva\u00e7\u00e3o e preserva\u00e7\u00e3o, a cria\u00e7\u00e3o de parcerias para pesquisa e extens\u00e3o\u2026 tudo isso mostra a pro-atividade, sagacidade e a for\u00e7a de lideran\u00e7a que ele tem. Eu acredito que, assim como fez no Meio Ambiente, far\u00e1 tamb\u00e9m \u00e0 frente da pasta de Educa\u00e7\u00e3o e teremos muito o que oferecer para que as nossas crian\u00e7as e jovens possam sonhar com um futuro melhor\u201d, afirmou o prefeito Rodrigo Hagge. <strong><em>\/\/ Ascom PMI<\/em><\/strong><\/p>\n","protected":false},"excerpt":{"rendered":"<p>O pedagogo F\u00e1bio Viana assume, a partir desta segunda-feira, a Secretaria de Educa\u00e7\u00e3o de Itapetinga. Ap\u00f3s os dois anos de pandemia, a educa\u00e7\u00e3o precisa se reestruturar e trazer novos conceitos para a sala de aula. Jovem, mas muito experiente, F\u00e1bio buscar\u00e1 novos caminhos para reduzir o d\u00e9ficit educacional provocado pelo isolamento social e medidas restritivas [&hellip;]<\/p>\n","protected":false},"author":2,"featured_media":102346,"comment_status":"open","ping_status":"open","sticky":false,"template":"","format":"standard","meta":{"footnotes":"","_links_to":"","_links_to_target":""},"categories":[1],"tags":[],"class_list":["post-102344","post","type-post","status-publish","format-standard","has-post-thumbnail","hentry","category-geral"],"views":1099,"_links":{"self":[{"href":"https:\/\/www.sudoestehoje.com.br\/novoportal\/wp-json\/wp\/v2\/posts\/102344","targetHints":{"allow":["GET"]}}],"collection":[{"href":"https:\/\/www.sudoestehoje.com.br\/novoportal\/wp-json\/wp\/v2\/posts"}],"about":[{"href":"https:\/\/www.sudoestehoje.com.br\/novoportal\/wp-json\/wp\/v2\/types\/post"}],"author":[{"embeddable":true,"href":"https:\/\/www.sudoestehoje.com.br\/novoportal\/wp-json\/wp\/v2\/users\/2"}],"replies":[{"embeddable":true,"href":"https:\/\/www.sudoestehoje.com.br\/novoportal\/wp-json\/wp\/v2\/comments?post=102344"}],"version-history":[{"count":3,"href":"https:\/\/www.sudoestehoje.com.br\/novoportal\/wp-json\/wp\/v2\/posts\/102344\/revisions"}],"predecessor-version":[{"id":102348,"href":"https:\/\/www.sudoestehoje.com.br\/novoportal\/wp-json\/wp\/v2\/posts\/102344\/revisions\/102348"}],"wp:featuredmedia":[{"embeddable":true,"href":"https:\/\/www.sudoestehoje.com.br\/novoportal\/wp-json\/wp\/v2\/media\/102346"}],"wp:attachment":[{"href":"https:\/\/www.sudoestehoje.com.br\/novoportal\/wp-json\/wp\/v2\/media?parent=102344"}],"wp:term":[{"taxonomy":"category","embeddable":true,"href":"https:\/\/www.sudoestehoje.com.br\/novoportal\/wp-json\/wp\/v2\/categories?post=102344"},{"taxonomy":"post_tag","embeddable":true,"href":"https:\/\/www.sudoestehoje.com.br\/novoportal\/wp-json\/wp\/v2\/tags?post=102344"}],"curies":[{"name":"wp","href":"https:\/\/api.w.org\/{rel}","templated":true}]}}