
{"id":102332,"date":"2022-05-30T10:39:47","date_gmt":"2022-05-30T13:39:47","guid":{"rendered":"https:\/\/www.sudoestehoje.com.br\/novoportal\/?p=102332"},"modified":"2022-05-30T11:10:00","modified_gmt":"2022-05-30T14:10:00","slug":"urgente-rodrigo-exonera-geraldo-trindade-da-secretaria-de-educacao-fabio-assume","status":"publish","type":"post","link":"https:\/\/www.sudoestehoje.com.br\/novoportal\/2022\/05\/30\/urgente-rodrigo-exonera-geraldo-trindade-da-secretaria-de-educacao-fabio-assume\/","title":{"rendered":"URGENTE! RODRIGO EXONERA GERALDO TRINDADE DA SECRETARIA DE EDUCA\u00c7\u00c3O; F\u00c1BIO ASSUME"},"content":{"rendered":"<p><a href=\"https:\/\/www.sudoestehoje.com.br\/novoportal\/wp-content\/uploads\/2022\/05\/WhatsApp-Image-2022-05-30-at-10.37.12-1.jpeg\"><img loading=\"lazy\" decoding=\"async\" class=\"aligncenter size-medium wp-image-102336\" src=\"https:\/\/www.sudoestehoje.com.br\/novoportal\/wp-content\/uploads\/2022\/05\/WhatsApp-Image-2022-05-30-at-10.37.12-1-500x230.jpeg\" alt=\"\" width=\"500\" height=\"230\" srcset=\"https:\/\/www.sudoestehoje.com.br\/novoportal\/wp-content\/uploads\/2022\/05\/WhatsApp-Image-2022-05-30-at-10.37.12-1-500x230.jpeg 500w, https:\/\/www.sudoestehoje.com.br\/novoportal\/wp-content\/uploads\/2022\/05\/WhatsApp-Image-2022-05-30-at-10.37.12-1-700x322.jpeg 700w, https:\/\/www.sudoestehoje.com.br\/novoportal\/wp-content\/uploads\/2022\/05\/WhatsApp-Image-2022-05-30-at-10.37.12-1-768x353.jpeg 768w, https:\/\/www.sudoestehoje.com.br\/novoportal\/wp-content\/uploads\/2022\/05\/WhatsApp-Image-2022-05-30-at-10.37.12-1-1536x707.jpeg 1536w, https:\/\/www.sudoestehoje.com.br\/novoportal\/wp-content\/uploads\/2022\/05\/WhatsApp-Image-2022-05-30-at-10.37.12-1.jpeg 1600w\" sizes=\"auto, (max-width: 500px) 100vw, 500px\" \/><\/a><\/p>\n<p>Depois da repercuss\u00e3o negativa causada pela participa\u00e7\u00e3o do Secret\u00e1rio Municipal de Educa\u00e7\u00e3o, Geraldo Trindade, em evento pol\u00edtico do pr\u00e9-candidato do PT ao governo da Bahia, Jer\u00f4nimo Rodrigues, neste domingo (29), o prefeito Rodrigo Hagge decidiu <strong>demiti-lo do cargo<\/strong> imediatamente.<\/p>\n<p>Antes de baixar o decreto de exonera\u00e7\u00e3o, Rodrigo Hagge conversou com Geraldo e esclareceu que a sua presen\u00e7a em ato do candidato advers\u00e1rio ao governo foi inadmiss\u00edvel, o que levou \u00e0 sua exonera\u00e7\u00e3o.<\/p>\n<p>Para substitui-lo, Rodrigo nomeou o atual Secret\u00e1rio do Meio Ambiente, <strong>F\u00e1bio Viana<\/strong>, que j\u00e1 atuou com grande destaque na Secretaria de Educa\u00e7\u00e3o.<\/p>\n<p>Aguardem mais informa\u00e7\u00f5es.<\/p>\n<p><strong><em>Por Davi Ferraz<\/em><\/strong><\/p>\n","protected":false},"excerpt":{"rendered":"<p>Depois da repercuss\u00e3o negativa causada pela participa\u00e7\u00e3o do Secret\u00e1rio Municipal de Educa\u00e7\u00e3o, Geraldo Trindade, em evento pol\u00edtico do pr\u00e9-candidato do PT ao governo da Bahia, Jer\u00f4nimo Rodrigues, neste domingo (29), o prefeito Rodrigo Hagge decidiu demiti-lo do cargo imediatamente. Antes de baixar o decreto de exonera\u00e7\u00e3o, Rodrigo Hagge conversou com Geraldo e esclareceu que a [&hellip;]<\/p>\n","protected":false},"author":2,"featured_media":102333,"comment_status":"open","ping_status":"open","sticky":false,"template":"","format":"standard","meta":{"footnotes":"","_links_to":"","_links_to_target":""},"categories":[1],"tags":[],"class_list":["post-102332","post","type-post","status-publish","format-standard","has-post-thumbnail","hentry","category-geral"],"views":3832,"_links":{"self":[{"href":"https:\/\/www.sudoestehoje.com.br\/novoportal\/wp-json\/wp\/v2\/posts\/102332","targetHints":{"allow":["GET"]}}],"collection":[{"href":"https:\/\/www.sudoestehoje.com.br\/novoportal\/wp-json\/wp\/v2\/posts"}],"about":[{"href":"https:\/\/www.sudoestehoje.com.br\/novoportal\/wp-json\/wp\/v2\/types\/post"}],"author":[{"embeddable":true,"href":"https:\/\/www.sudoestehoje.com.br\/novoportal\/wp-json\/wp\/v2\/users\/2"}],"replies":[{"embeddable":true,"href":"https:\/\/www.sudoestehoje.com.br\/novoportal\/wp-json\/wp\/v2\/comments?post=102332"}],"version-history":[{"count":4,"href":"https:\/\/www.sudoestehoje.com.br\/novoportal\/wp-json\/wp\/v2\/posts\/102332\/revisions"}],"predecessor-version":[{"id":102339,"href":"https:\/\/www.sudoestehoje.com.br\/novoportal\/wp-json\/wp\/v2\/posts\/102332\/revisions\/102339"}],"wp:featuredmedia":[{"embeddable":true,"href":"https:\/\/www.sudoestehoje.com.br\/novoportal\/wp-json\/wp\/v2\/media\/102333"}],"wp:attachment":[{"href":"https:\/\/www.sudoestehoje.com.br\/novoportal\/wp-json\/wp\/v2\/media?parent=102332"}],"wp:term":[{"taxonomy":"category","embeddable":true,"href":"https:\/\/www.sudoestehoje.com.br\/novoportal\/wp-json\/wp\/v2\/categories?post=102332"},{"taxonomy":"post_tag","embeddable":true,"href":"https:\/\/www.sudoestehoje.com.br\/novoportal\/wp-json\/wp\/v2\/tags?post=102332"}],"curies":[{"name":"wp","href":"https:\/\/api.w.org\/{rel}","templated":true}]}}