
{"id":102305,"date":"2022-05-29T14:01:13","date_gmt":"2022-05-29T17:01:13","guid":{"rendered":"https:\/\/www.sudoestehoje.com.br\/novoportal\/?p=102305"},"modified":"2022-05-29T14:03:58","modified_gmt":"2022-05-29T17:03:58","slug":"itapetinga-onibus-escolares-sao-usados-para-transporte-de-eleitores-a-evento-da-pre-campanha-de-jeronimo","status":"publish","type":"post","link":"https:\/\/www.sudoestehoje.com.br\/novoportal\/2022\/05\/29\/itapetinga-onibus-escolares-sao-usados-para-transporte-de-eleitores-a-evento-da-pre-campanha-de-jeronimo\/","title":{"rendered":"ITAPETINGA: \u00d4NIBUS ESCOLARES S\u00c3O USADOS PARA TRANSPORTE DE ELEITORES A EVENTO DA PR\u00c9-CAMPANHA DE JER\u00d4NIMO"},"content":{"rendered":"<p><a href=\"https:\/\/www.sudoestehoje.com.br\/novoportal\/wp-content\/uploads\/2022\/05\/WhatsApp-Image-2022-05-29-at-13.54.38.jpeg\"><img loading=\"lazy\" decoding=\"async\" class=\"aligncenter size-medium wp-image-102306\" src=\"https:\/\/www.sudoestehoje.com.br\/novoportal\/wp-content\/uploads\/2022\/05\/WhatsApp-Image-2022-05-29-at-13.54.38-500x406.jpeg\" alt=\"\" width=\"500\" height=\"406\" srcset=\"https:\/\/www.sudoestehoje.com.br\/novoportal\/wp-content\/uploads\/2022\/05\/WhatsApp-Image-2022-05-29-at-13.54.38-500x406.jpeg 500w, https:\/\/www.sudoestehoje.com.br\/novoportal\/wp-content\/uploads\/2022\/05\/WhatsApp-Image-2022-05-29-at-13.54.38-700x568.jpeg 700w, https:\/\/www.sudoestehoje.com.br\/novoportal\/wp-content\/uploads\/2022\/05\/WhatsApp-Image-2022-05-29-at-13.54.38-768x623.jpeg 768w, https:\/\/www.sudoestehoje.com.br\/novoportal\/wp-content\/uploads\/2022\/05\/WhatsApp-Image-2022-05-29-at-13.54.38.jpeg 1080w\" sizes=\"auto, (max-width: 500px) 100vw, 500px\" \/><\/a><\/p>\n<p>Neste domingo (29), o pr\u00e9-candidato ao governo da Bahia, Jer\u00f4nimo Rodrigues (PT) realizou um evento em Itapetinga como caravanas de diversos munic\u00edpios do M\u00e9dio Sudoeste e de outras regi\u00f5es do estado, para apresentar o seu projeto de &#8220;Governo Participativo&#8221;.<\/p>\n<p><a href=\"https:\/\/www.sudoestehoje.com.br\/novoportal\/wp-content\/uploads\/2022\/05\/WhatsApp-Image-2022-05-29-at-13.57.23.jpeg\"><img loading=\"lazy\" decoding=\"async\" class=\"aligncenter size-medium wp-image-102308\" src=\"https:\/\/www.sudoestehoje.com.br\/novoportal\/wp-content\/uploads\/2022\/05\/WhatsApp-Image-2022-05-29-at-13.57.23-500x511.jpeg\" alt=\"\" width=\"500\" height=\"511\" srcset=\"https:\/\/www.sudoestehoje.com.br\/novoportal\/wp-content\/uploads\/2022\/05\/WhatsApp-Image-2022-05-29-at-13.57.23-500x511.jpeg 500w, https:\/\/www.sudoestehoje.com.br\/novoportal\/wp-content\/uploads\/2022\/05\/WhatsApp-Image-2022-05-29-at-13.57.23-700x715.jpeg 700w, https:\/\/www.sudoestehoje.com.br\/novoportal\/wp-content\/uploads\/2022\/05\/WhatsApp-Image-2022-05-29-at-13.57.23-768x784.jpeg 768w, https:\/\/www.sudoestehoje.com.br\/novoportal\/wp-content\/uploads\/2022\/05\/WhatsApp-Image-2022-05-29-at-13.57.23-1504x1536.jpeg 1504w, https:\/\/www.sudoestehoje.com.br\/novoportal\/wp-content\/uploads\/2022\/05\/WhatsApp-Image-2022-05-29-at-13.57.23.jpeg 1567w\" sizes=\"auto, (max-width: 500px) 100vw, 500px\" \/><\/a><\/p>\n<p>O evento foi realizado em um pequeno espa\u00e7o privado em frente ao Parque da Lagoa, com pouca repercuss\u00e3o na cidade, mas o que chamou mesmo \u00e0 aten\u00e7\u00e3o foi o n\u00famero expressivo de \u00f4nibus escolares transportando eleitores de v\u00e1rios munic\u00edpios, o que \u00e9 vedado pela legisla\u00e7\u00e3o eleitoral.<\/p>\n<p><a href=\"https:\/\/www.sudoestehoje.com.br\/novoportal\/wp-content\/uploads\/2022\/05\/WhatsApp-Image-2022-05-29-at-13.58.08.jpeg\"><img loading=\"lazy\" decoding=\"async\" class=\"aligncenter size-medium wp-image-102307\" src=\"https:\/\/www.sudoestehoje.com.br\/novoportal\/wp-content\/uploads\/2022\/05\/WhatsApp-Image-2022-05-29-at-13.58.08-500x311.jpeg\" alt=\"\" width=\"500\" height=\"311\" srcset=\"https:\/\/www.sudoestehoje.com.br\/novoportal\/wp-content\/uploads\/2022\/05\/WhatsApp-Image-2022-05-29-at-13.58.08-500x311.jpeg 500w, https:\/\/www.sudoestehoje.com.br\/novoportal\/wp-content\/uploads\/2022\/05\/WhatsApp-Image-2022-05-29-at-13.58.08-700x435.jpeg 700w, https:\/\/www.sudoestehoje.com.br\/novoportal\/wp-content\/uploads\/2022\/05\/WhatsApp-Image-2022-05-29-at-13.58.08-768x477.jpeg 768w, https:\/\/www.sudoestehoje.com.br\/novoportal\/wp-content\/uploads\/2022\/05\/WhatsApp-Image-2022-05-29-at-13.58.08-1536x954.jpeg 1536w, https:\/\/www.sudoestehoje.com.br\/novoportal\/wp-content\/uploads\/2022\/05\/WhatsApp-Image-2022-05-29-at-13.58.08.jpeg 1600w\" sizes=\"auto, (max-width: 500px) 100vw, 500px\" \/><\/a><\/p>\n<p>Outros ve\u00edculos oficiais do governo do estado, destinados a outras programas, como um \u00f4nibus do &#8216;Sa\u00fade para Todos&#8217;, tamb\u00e9m foi utilizado no transporte de pessoas de outras cidades, para o evento do pr\u00e9-candidato do PT a Itapetinga.<\/p>\n<p>Um verdadeiro VALE TUDO!<\/p>\n<p><em>Por Davi Ferraz<\/em><\/p>\n","protected":false},"excerpt":{"rendered":"<p>Neste domingo (29), o pr\u00e9-candidato ao governo da Bahia, Jer\u00f4nimo Rodrigues (PT) realizou um evento em Itapetinga como caravanas de diversos munic\u00edpios do M\u00e9dio Sudoeste e de outras regi\u00f5es do estado, para apresentar o seu projeto de &#8220;Governo Participativo&#8221;. O evento foi realizado em um pequeno espa\u00e7o privado em frente ao Parque da Lagoa, com [&hellip;]<\/p>\n","protected":false},"author":2,"featured_media":102308,"comment_status":"open","ping_status":"open","sticky":false,"template":"","format":"standard","meta":{"footnotes":"","_links_to":"","_links_to_target":""},"categories":[1],"tags":[],"class_list":["post-102305","post","type-post","status-publish","format-standard","has-post-thumbnail","hentry","category-geral"],"views":1894,"_links":{"self":[{"href":"https:\/\/www.sudoestehoje.com.br\/novoportal\/wp-json\/wp\/v2\/posts\/102305","targetHints":{"allow":["GET"]}}],"collection":[{"href":"https:\/\/www.sudoestehoje.com.br\/novoportal\/wp-json\/wp\/v2\/posts"}],"about":[{"href":"https:\/\/www.sudoestehoje.com.br\/novoportal\/wp-json\/wp\/v2\/types\/post"}],"author":[{"embeddable":true,"href":"https:\/\/www.sudoestehoje.com.br\/novoportal\/wp-json\/wp\/v2\/users\/2"}],"replies":[{"embeddable":true,"href":"https:\/\/www.sudoestehoje.com.br\/novoportal\/wp-json\/wp\/v2\/comments?post=102305"}],"version-history":[{"count":4,"href":"https:\/\/www.sudoestehoje.com.br\/novoportal\/wp-json\/wp\/v2\/posts\/102305\/revisions"}],"predecessor-version":[{"id":102312,"href":"https:\/\/www.sudoestehoje.com.br\/novoportal\/wp-json\/wp\/v2\/posts\/102305\/revisions\/102312"}],"wp:featuredmedia":[{"embeddable":true,"href":"https:\/\/www.sudoestehoje.com.br\/novoportal\/wp-json\/wp\/v2\/media\/102308"}],"wp:attachment":[{"href":"https:\/\/www.sudoestehoje.com.br\/novoportal\/wp-json\/wp\/v2\/media?parent=102305"}],"wp:term":[{"taxonomy":"category","embeddable":true,"href":"https:\/\/www.sudoestehoje.com.br\/novoportal\/wp-json\/wp\/v2\/categories?post=102305"},{"taxonomy":"post_tag","embeddable":true,"href":"https:\/\/www.sudoestehoje.com.br\/novoportal\/wp-json\/wp\/v2\/tags?post=102305"}],"curies":[{"name":"wp","href":"https:\/\/api.w.org\/{rel}","templated":true}]}}