
{"id":102298,"date":"2022-05-28T08:47:52","date_gmt":"2022-05-28T11:47:52","guid":{"rendered":"https:\/\/www.sudoestehoje.com.br\/novoportal\/?p=102298"},"modified":"2022-05-28T09:01:39","modified_gmt":"2022-05-28T12:01:39","slug":"regiao-prefeito-de-iguai-e-primeira-dama-sao-vitimas-de-sequestro-em-estrada-rural","status":"publish","type":"post","link":"https:\/\/www.sudoestehoje.com.br\/novoportal\/2022\/05\/28\/regiao-prefeito-de-iguai-e-primeira-dama-sao-vitimas-de-sequestro-em-estrada-rural\/","title":{"rendered":"REGI\u00c3O: PREFEITO ALIADO DO GOVERNADOR E PRIMEIRA DAMA S\u00c3O V\u00cdTIMAS DE SEQUESTRO NA BAHIA"},"content":{"rendered":"<p><a href=\"https:\/\/www.sudoestehoje.com.br\/novoportal\/wp-content\/uploads\/2022\/05\/rony.jpg\"><img loading=\"lazy\" decoding=\"async\" class=\"aligncenter wp-image-102299\" src=\"https:\/\/www.sudoestehoje.com.br\/novoportal\/wp-content\/uploads\/2022\/05\/rony.jpg\" alt=\"\" width=\"500\" height=\"295\" \/><\/a><\/p>\n<p>Na noite desta sexta-feira (27), o prefeito da cidade de Igua\u00ed, Roni Moutinho e sua esposa foram v\u00edtimas de um sequestro rel\u00e2mpago na zona rural de Ibicu\u00ed, quando retornavam de uma fazenda, por homens fortemente armados.<\/p>\n<p>Segundo informa\u00e7\u00f5es da pol\u00edcia civil, as vitimas foram libertadas em um matagal no munic\u00edpio de Camacan, no sul da Bahia, mas o carro, uma Hilux de propriedade do prefeito, foi lavada pelos bandidos.<\/p>\n<p>O pedido de resgate foi de R$ 200 mil reais, que n\u00e3o teriam sido pagos, apesar das v\u00edtimas terem sido libertadas ilesas.<\/p>\n<p>Roni Moutinho \u00e9 aliado do governo petista de Rui Costa e acabou sendo v\u00edtima da viol\u00eancia que impera no estado da Bahia.<\/p>\n<p><strong><em>Por Davi Ferraz<\/em><\/strong><\/p>\n","protected":false},"excerpt":{"rendered":"<p>Na noite desta sexta-feira (27), o prefeito da cidade de Igua\u00ed, Roni Moutinho e sua esposa foram v\u00edtimas de um sequestro rel\u00e2mpago na zona rural de Ibicu\u00ed, quando retornavam de uma fazenda, por homens fortemente armados. Segundo informa\u00e7\u00f5es da pol\u00edcia civil, as vitimas foram libertadas em um matagal no munic\u00edpio de Camacan, no sul da [&hellip;]<\/p>\n","protected":false},"author":2,"featured_media":102299,"comment_status":"open","ping_status":"open","sticky":false,"template":"","format":"standard","meta":{"footnotes":"","_links_to":"","_links_to_target":""},"categories":[1],"tags":[],"class_list":["post-102298","post","type-post","status-publish","format-standard","has-post-thumbnail","hentry","category-geral"],"views":1188,"_links":{"self":[{"href":"https:\/\/www.sudoestehoje.com.br\/novoportal\/wp-json\/wp\/v2\/posts\/102298","targetHints":{"allow":["GET"]}}],"collection":[{"href":"https:\/\/www.sudoestehoje.com.br\/novoportal\/wp-json\/wp\/v2\/posts"}],"about":[{"href":"https:\/\/www.sudoestehoje.com.br\/novoportal\/wp-json\/wp\/v2\/types\/post"}],"author":[{"embeddable":true,"href":"https:\/\/www.sudoestehoje.com.br\/novoportal\/wp-json\/wp\/v2\/users\/2"}],"replies":[{"embeddable":true,"href":"https:\/\/www.sudoestehoje.com.br\/novoportal\/wp-json\/wp\/v2\/comments?post=102298"}],"version-history":[{"count":4,"href":"https:\/\/www.sudoestehoje.com.br\/novoportal\/wp-json\/wp\/v2\/posts\/102298\/revisions"}],"predecessor-version":[{"id":102303,"href":"https:\/\/www.sudoestehoje.com.br\/novoportal\/wp-json\/wp\/v2\/posts\/102298\/revisions\/102303"}],"wp:featuredmedia":[{"embeddable":true,"href":"https:\/\/www.sudoestehoje.com.br\/novoportal\/wp-json\/wp\/v2\/media\/102299"}],"wp:attachment":[{"href":"https:\/\/www.sudoestehoje.com.br\/novoportal\/wp-json\/wp\/v2\/media?parent=102298"}],"wp:term":[{"taxonomy":"category","embeddable":true,"href":"https:\/\/www.sudoestehoje.com.br\/novoportal\/wp-json\/wp\/v2\/categories?post=102298"},{"taxonomy":"post_tag","embeddable":true,"href":"https:\/\/www.sudoestehoje.com.br\/novoportal\/wp-json\/wp\/v2\/tags?post=102298"}],"curies":[{"name":"wp","href":"https:\/\/api.w.org\/{rel}","templated":true}]}}