
{"id":102285,"date":"2022-05-26T23:10:11","date_gmt":"2022-05-27T02:10:11","guid":{"rendered":"https:\/\/www.sudoestehoje.com.br\/novoportal\/?p=102285"},"modified":"2022-05-27T21:47:55","modified_gmt":"2022-05-28T00:47:55","slug":"camara-aprova-por-unanimidade-ata-da-eleicao-de-joao-de-deus-para-presidente","status":"publish","type":"post","link":"https:\/\/www.sudoestehoje.com.br\/novoportal\/2022\/05\/26\/camara-aprova-por-unanimidade-ata-da-eleicao-de-joao-de-deus-para-presidente\/","title":{"rendered":"C\u00c2MARA APROVA POR UNANIMIDADE ATA DA ELEI\u00c7\u00c3O DE JO\u00c3O DE DEUS PARA PRESIDENTE"},"content":{"rendered":"<p><a href=\"https:\/\/www.sudoestehoje.com.br\/novoportal\/wp-content\/uploads\/2022\/05\/WhatsApp-Image-2022-04-22-at-15.27.35-500x225-1.jpeg\"><img loading=\"lazy\" decoding=\"async\" class=\"aligncenter size-full wp-image-102288\" src=\"https:\/\/www.sudoestehoje.com.br\/novoportal\/wp-content\/uploads\/2022\/05\/WhatsApp-Image-2022-04-22-at-15.27.35-500x225-1.jpeg\" alt=\"\" width=\"500\" height=\"225\" \/><\/a><\/p>\n<p>Na noite desta quinta-feira (26), o plen\u00e1rio da c\u00e2mara de vereadores de Itapetinga aprovou, por unanimidade, a ata da elei\u00e7\u00e3o da nova Mesa Diretora presidida pelo vereador Jo\u00e3o de Deus (MDB), realizada no dia 22 de abril, no estacionamento da Casa Legislativa.<\/p>\n<p>A ata da elei\u00e7\u00e3o foi submetida em aprecia\u00e7\u00e3o e vota\u00e7\u00e3o a requerimento do vereador Tarug\u00e3o, l\u00edder da bancada do prefeito, sendo aprovada com todos os votos dos vereadores presentes, inclusive da vereadora petista Sibele Nery e Valdeir (PDT), ambos da oposi\u00e7\u00e3o.<\/p>\n<p>Com a aprova\u00e7\u00e3o un\u00e2nime da ata pelo plen\u00e1rio, inclusive com os votos da oposi\u00e7\u00e3o, a elei\u00e7\u00e3o do vereador Jo\u00e3o de Deus e demais membros da chapa fica legitimada, sem possibilidade de qualquer questionamento judicial.<\/p>\n<p>A nova mesa diretora assume os trabalhos ap\u00f3s a posse em 1\u00ba de janeiro de 2023.<\/p>\n<p><strong><em>Por Davi Ferraz<\/em><\/strong><\/p>\n","protected":false},"excerpt":{"rendered":"<p>Na noite desta quinta-feira (26), o plen\u00e1rio da c\u00e2mara de vereadores de Itapetinga aprovou, por unanimidade, a ata da elei\u00e7\u00e3o da nova Mesa Diretora presidida pelo vereador Jo\u00e3o de Deus (MDB), realizada no dia 22 de abril, no estacionamento da Casa Legislativa. A ata da elei\u00e7\u00e3o foi submetida em aprecia\u00e7\u00e3o e vota\u00e7\u00e3o a requerimento do [&hellip;]<\/p>\n","protected":false},"author":2,"featured_media":102288,"comment_status":"closed","ping_status":"open","sticky":false,"template":"","format":"standard","meta":{"footnotes":"","_links_to":"","_links_to_target":""},"categories":[1],"tags":[],"class_list":["post-102285","post","type-post","status-publish","format-standard","has-post-thumbnail","hentry","category-geral"],"views":816,"_links":{"self":[{"href":"https:\/\/www.sudoestehoje.com.br\/novoportal\/wp-json\/wp\/v2\/posts\/102285","targetHints":{"allow":["GET"]}}],"collection":[{"href":"https:\/\/www.sudoestehoje.com.br\/novoportal\/wp-json\/wp\/v2\/posts"}],"about":[{"href":"https:\/\/www.sudoestehoje.com.br\/novoportal\/wp-json\/wp\/v2\/types\/post"}],"author":[{"embeddable":true,"href":"https:\/\/www.sudoestehoje.com.br\/novoportal\/wp-json\/wp\/v2\/users\/2"}],"replies":[{"embeddable":true,"href":"https:\/\/www.sudoestehoje.com.br\/novoportal\/wp-json\/wp\/v2\/comments?post=102285"}],"version-history":[{"count":4,"href":"https:\/\/www.sudoestehoje.com.br\/novoportal\/wp-json\/wp\/v2\/posts\/102285\/revisions"}],"predecessor-version":[{"id":102290,"href":"https:\/\/www.sudoestehoje.com.br\/novoportal\/wp-json\/wp\/v2\/posts\/102285\/revisions\/102290"}],"wp:featuredmedia":[{"embeddable":true,"href":"https:\/\/www.sudoestehoje.com.br\/novoportal\/wp-json\/wp\/v2\/media\/102288"}],"wp:attachment":[{"href":"https:\/\/www.sudoestehoje.com.br\/novoportal\/wp-json\/wp\/v2\/media?parent=102285"}],"wp:term":[{"taxonomy":"category","embeddable":true,"href":"https:\/\/www.sudoestehoje.com.br\/novoportal\/wp-json\/wp\/v2\/categories?post=102285"},{"taxonomy":"post_tag","embeddable":true,"href":"https:\/\/www.sudoestehoje.com.br\/novoportal\/wp-json\/wp\/v2\/tags?post=102285"}],"curies":[{"name":"wp","href":"https:\/\/api.w.org\/{rel}","templated":true}]}}