
{"id":102267,"date":"2022-05-26T17:21:13","date_gmt":"2022-05-26T20:21:13","guid":{"rendered":"https:\/\/www.sudoestehoje.com.br\/novoportal\/?p=102267"},"modified":"2022-05-27T21:48:24","modified_gmt":"2022-05-28T00:48:24","slug":"pesquisa-modalmais-futura-lula-mantem-41-e-bolsonaro-sobe-para-36","status":"publish","type":"post","link":"https:\/\/www.sudoestehoje.com.br\/novoportal\/2022\/05\/26\/pesquisa-modalmais-futura-lula-mantem-41-e-bolsonaro-sobe-para-36\/","title":{"rendered":"PESQUISA MODALMAIS\/FUTURA | LULA MANT\u00c9M 41% E BOLSONARO SOBE PARA 36%"},"content":{"rendered":"<p><a href=\"https:\/\/www.sudoestehoje.com.br\/novoportal\/wp-content\/uploads\/2022\/05\/1651166856691.jpg\"><img loading=\"lazy\" decoding=\"async\" class=\"aligncenter size-medium wp-image-102269\" src=\"https:\/\/www.sudoestehoje.com.br\/novoportal\/wp-content\/uploads\/2022\/05\/1651166856691-500x290.jpg\" alt=\"\" width=\"500\" height=\"290\" srcset=\"https:\/\/www.sudoestehoje.com.br\/novoportal\/wp-content\/uploads\/2022\/05\/1651166856691-500x290.jpg 500w, https:\/\/www.sudoestehoje.com.br\/novoportal\/wp-content\/uploads\/2022\/05\/1651166856691-700x406.jpg 700w, https:\/\/www.sudoestehoje.com.br\/novoportal\/wp-content\/uploads\/2022\/05\/1651166856691-768x446.jpg 768w, https:\/\/www.sudoestehoje.com.br\/novoportal\/wp-content\/uploads\/2022\/05\/1651166856691.jpg 932w\" sizes=\"auto, (max-width: 500px) 100vw, 500px\" \/><\/a><\/p>\n<p>Pesquisa divulgada nesta quinta-feira (26\/5) pelo banco de investimento Modalmais e o instituto de pesquisa Futura Intelig\u00eancia aponta uma diminui\u00e7\u00e3o da vantagem do ex-presidente\u00a0<a href=\"https:\/\/www.metropoles.com\/tag\/lula\" target=\"_blank\" rel=\"noopener noreferrer\">Luiz In\u00e1cio Lula da Silva<\/a>\u00a0(PT) para o presidente\u00a0<a href=\"https:\/\/www.metropoles.com\/tag\/jair-bolsonaro\" target=\"_blank\" rel=\"noopener noreferrer\">Jair Bolsonaro<\/a>\u00a0(PL).<\/p>\n<p>Nas pesquisas estimuladas feitas pelo instituto em abril e em maio, o petista aparece, respectivamente, com 41,1% e 41% das inten\u00e7\u00f5es de voto. J\u00e1 Bolsonaro subiu de 35,3%, em abril, para 36% em maio.<\/p>\n<p>Na pesquisa espont\u00e2nea (quando n\u00e3o s\u00e3o apresentados os nomes aos entrevistados), Bolsonaro e Lula est\u00e3o em empate t\u00e9cnico. Lula apresenta 37,6% e Bolsonaro, 34,4%. No m\u00eas passado, esses percentuais eram, respectivamente, 36,3% e 33,1%, tamb\u00e9m em empate t\u00e9cnico.<\/p>\n<p>Em rela\u00e7\u00e3o ao cen\u00e1rio estimulado \u2014 quando os nomes dos candidatos s\u00e3o apresentados aos eleitores \u2013, na pesquisa divulgada nesta quinta, Jo\u00e3o Doria (PSDB) ocupa o terceiro lugar, com 2,5% de inten\u00e7\u00e3o de voto. Contudo, nesta semana o tucano\u00a0<a href=\"https:\/\/www.metropoles.com\/brasil\/doria-desiste-de-pre-candidatura-a-presidencia-em-2022\" target=\"_blank\" rel=\"noopener noreferrer\">anunciou a retirada do nome dele da corrida presidencial<\/a>.<\/p>\n<p data-gtm-vis-first-on-screen-8752935_866=\"12073\" data-gtm-vis-total-visible-time-8752935_866=\"100\" data-gtm-vis-has-fired-8752935_866=\"1\" data-gtm-vis-first-on-screen-8752935_862=\"12079\" data-gtm-vis-total-visible-time-8752935_862=\"100\" data-gtm-vis-has-fired-8752935_862=\"1\">O levantamento foi feito entre os dias 16 e 19 de maio, portanto, anterior ao an\u00fancio do ex-governador de S\u00e3o Paulo.<\/p>\n<p>Em seguida, aparecem Ciro Gomes (PDT), que pontuou 5,6%; Doria, com 2,5%; Andr\u00e9 Janones (Avante), com 2,4%; Simone Tebet (MDB), 0,9%; Luiz Felipe D\u2019\u00c1vila (Novo), 0,4%; e Vera L\u00facia (PSTU) e Leonardo Pericles (UP), empatados em 0,2%.<\/p>\n<p>As cita\u00e7\u00f5es a Luciano Bivar (Uni\u00e3o Brasil) e Jos\u00e9 Maria Eymael (DC) n\u00e3o foram consider\u00e1veis. Os que n\u00e3o souberam ou n\u00e3o responderam somaram 5,2% e brancos e nulos, 5,6%.<\/p>\n","protected":false},"excerpt":{"rendered":"<p>Pesquisa divulgada nesta quinta-feira (26\/5) pelo banco de investimento Modalmais e o instituto de pesquisa Futura Intelig\u00eancia aponta uma diminui\u00e7\u00e3o da vantagem do ex-presidente\u00a0Luiz In\u00e1cio Lula da Silva\u00a0(PT) para o presidente\u00a0Jair Bolsonaro\u00a0(PL). Nas pesquisas estimuladas feitas pelo instituto em abril e em maio, o petista aparece, respectivamente, com 41,1% e 41% das inten\u00e7\u00f5es de voto. [&hellip;]<\/p>\n","protected":false},"author":2,"featured_media":102269,"comment_status":"closed","ping_status":"open","sticky":false,"template":"","format":"standard","meta":{"footnotes":"","_links_to":"","_links_to_target":""},"categories":[1],"tags":[],"class_list":["post-102267","post","type-post","status-publish","format-standard","has-post-thumbnail","hentry","category-geral"],"views":851,"_links":{"self":[{"href":"https:\/\/www.sudoestehoje.com.br\/novoportal\/wp-json\/wp\/v2\/posts\/102267","targetHints":{"allow":["GET"]}}],"collection":[{"href":"https:\/\/www.sudoestehoje.com.br\/novoportal\/wp-json\/wp\/v2\/posts"}],"about":[{"href":"https:\/\/www.sudoestehoje.com.br\/novoportal\/wp-json\/wp\/v2\/types\/post"}],"author":[{"embeddable":true,"href":"https:\/\/www.sudoestehoje.com.br\/novoportal\/wp-json\/wp\/v2\/users\/2"}],"replies":[{"embeddable":true,"href":"https:\/\/www.sudoestehoje.com.br\/novoportal\/wp-json\/wp\/v2\/comments?post=102267"}],"version-history":[{"count":3,"href":"https:\/\/www.sudoestehoje.com.br\/novoportal\/wp-json\/wp\/v2\/posts\/102267\/revisions"}],"predecessor-version":[{"id":102271,"href":"https:\/\/www.sudoestehoje.com.br\/novoportal\/wp-json\/wp\/v2\/posts\/102267\/revisions\/102271"}],"wp:featuredmedia":[{"embeddable":true,"href":"https:\/\/www.sudoestehoje.com.br\/novoportal\/wp-json\/wp\/v2\/media\/102269"}],"wp:attachment":[{"href":"https:\/\/www.sudoestehoje.com.br\/novoportal\/wp-json\/wp\/v2\/media?parent=102267"}],"wp:term":[{"taxonomy":"category","embeddable":true,"href":"https:\/\/www.sudoestehoje.com.br\/novoportal\/wp-json\/wp\/v2\/categories?post=102267"},{"taxonomy":"post_tag","embeddable":true,"href":"https:\/\/www.sudoestehoje.com.br\/novoportal\/wp-json\/wp\/v2\/tags?post=102267"}],"curies":[{"name":"wp","href":"https:\/\/api.w.org\/{rel}","templated":true}]}}