
{"id":102260,"date":"2022-05-25T11:26:43","date_gmt":"2022-05-25T14:26:43","guid":{"rendered":"https:\/\/www.sudoestehoje.com.br\/novoportal\/?p=102260"},"modified":"2022-05-27T21:48:54","modified_gmt":"2022-05-28T00:48:54","slug":"boa-noticia-inss-paga-a-segunda-parcela-do-13o-salarios-a-partir-desta-quarta","status":"publish","type":"post","link":"https:\/\/www.sudoestehoje.com.br\/novoportal\/2022\/05\/25\/boa-noticia-inss-paga-a-segunda-parcela-do-13o-salarios-a-partir-desta-quarta\/","title":{"rendered":"BOA NOT\u00cdCIA | INSS PAGA A SEGUNDA PARCELA DO 13\u00ba SAL\u00c1RIOS A PARTIR DESTA QUARTA"},"content":{"rendered":"<p><a href=\"https:\/\/www.sudoestehoje.com.br\/novoportal\/wp-content\/uploads\/2022\/05\/13-salario-inss.jpg\"><img loading=\"lazy\" decoding=\"async\" class=\"aligncenter size-medium wp-image-102257\" src=\"https:\/\/www.sudoestehoje.com.br\/novoportal\/wp-content\/uploads\/2022\/05\/13-salario-inss-500x281.jpg\" alt=\"\" width=\"500\" height=\"281\" srcset=\"https:\/\/www.sudoestehoje.com.br\/novoportal\/wp-content\/uploads\/2022\/05\/13-salario-inss-500x281.jpg 500w, https:\/\/www.sudoestehoje.com.br\/novoportal\/wp-content\/uploads\/2022\/05\/13-salario-inss-700x394.jpg 700w, https:\/\/www.sudoestehoje.com.br\/novoportal\/wp-content\/uploads\/2022\/05\/13-salario-inss-768x432.jpg 768w, https:\/\/www.sudoestehoje.com.br\/novoportal\/wp-content\/uploads\/2022\/05\/13-salario-inss.jpg 1280w\" sizes=\"auto, (max-width: 500px) 100vw, 500px\" \/><\/a><\/p>\n<p>O Instituto Nacional do Seguro Social (INSS) come\u00e7a a pagar nesta quarta-feira (25) os valores da segunda parcela do d\u00e9cimo terceiro sal\u00e1rio de aposentados e pensionistas. Inicialmente, recebem aqueles que ganham um sal\u00e1rio m\u00ednimo (R$ 1.212). Os que ganham acima disso recebem a partir do dia 1\u00ba at\u00e9 7 de junho. A primeira parcela foi paga em abril.<\/p>\n<p>Para consultar o valor, o benefici\u00e1rio pode entrar no aplicativo Meu INSS (para dispositivos eletr\u00f4nicos com tablets ou celulares) ou no portal\u00a0<a href=\"http:\/\/gov.br\/meuinss\" target=\"_blank\" rel=\"noopener noreferrer\">gov.br\/meuinss<\/a>. Outra op\u00e7\u00e3o \u00e9 a central de atendimento por telefone, pelo n\u00famero 135. Nesse caso, \u00e9 preciso informar dados como o n\u00famero do CPF e outras informa\u00e7\u00f5es cadastrais. O atendimento por telefone est\u00e1 dispon\u00edvel de segunda a s\u00e1bado, das 7h \u00e0s 22h.<\/p>\n<p>Ao todo, com a primeira e segunda parcelas pagas, ser\u00e3o injetados cerca de R$ 56,7 bilh\u00f5es na economia. Mais de 36 milh\u00f5es de pessoas v\u00e3o receber a segunda cota da gratifica\u00e7\u00e3o, que vai cair na conta junto com o pagamento regular de maio. Este \u00e9 o terceiro ano consecutivo que os pagamentos do d\u00e9cimo terceiro sal\u00e1rio do INSS ocorrem entre abril, maio e junho. O adiantamento foi poss\u00edvel ap\u00f3s edi\u00e7\u00e3o de portaria do INSS, ainda em mar\u00e7o.<\/p>\n<p>Quem recebe Benef\u00edcio de Presta\u00e7\u00e3o Continuada (BPC) n\u00e3o tem d\u00e9cimo terceiro.<\/p>\n","protected":false},"excerpt":{"rendered":"<p>O Instituto Nacional do Seguro Social (INSS) come\u00e7a a pagar nesta quarta-feira (25) os valores da segunda parcela do d\u00e9cimo terceiro sal\u00e1rio de aposentados e pensionistas. Inicialmente, recebem aqueles que ganham um sal\u00e1rio m\u00ednimo (R$ 1.212). Os que ganham acima disso recebem a partir do dia 1\u00ba at\u00e9 7 de junho. A primeira parcela foi [&hellip;]<\/p>\n","protected":false},"author":2,"featured_media":102257,"comment_status":"open","ping_status":"closed","sticky":false,"template":"","format":"standard","meta":{"footnotes":"","_links_to":"","_links_to_target":""},"categories":[1],"tags":[],"class_list":["post-102260","post","type-post","status-publish","format-standard","has-post-thumbnail","hentry","category-geral"],"views":770,"_links":{"self":[{"href":"https:\/\/www.sudoestehoje.com.br\/novoportal\/wp-json\/wp\/v2\/posts\/102260","targetHints":{"allow":["GET"]}}],"collection":[{"href":"https:\/\/www.sudoestehoje.com.br\/novoportal\/wp-json\/wp\/v2\/posts"}],"about":[{"href":"https:\/\/www.sudoestehoje.com.br\/novoportal\/wp-json\/wp\/v2\/types\/post"}],"author":[{"embeddable":true,"href":"https:\/\/www.sudoestehoje.com.br\/novoportal\/wp-json\/wp\/v2\/users\/2"}],"replies":[{"embeddable":true,"href":"https:\/\/www.sudoestehoje.com.br\/novoportal\/wp-json\/wp\/v2\/comments?post=102260"}],"version-history":[{"count":1,"href":"https:\/\/www.sudoestehoje.com.br\/novoportal\/wp-json\/wp\/v2\/posts\/102260\/revisions"}],"predecessor-version":[{"id":102261,"href":"https:\/\/www.sudoestehoje.com.br\/novoportal\/wp-json\/wp\/v2\/posts\/102260\/revisions\/102261"}],"wp:featuredmedia":[{"embeddable":true,"href":"https:\/\/www.sudoestehoje.com.br\/novoportal\/wp-json\/wp\/v2\/media\/102257"}],"wp:attachment":[{"href":"https:\/\/www.sudoestehoje.com.br\/novoportal\/wp-json\/wp\/v2\/media?parent=102260"}],"wp:term":[{"taxonomy":"category","embeddable":true,"href":"https:\/\/www.sudoestehoje.com.br\/novoportal\/wp-json\/wp\/v2\/categories?post=102260"},{"taxonomy":"post_tag","embeddable":true,"href":"https:\/\/www.sudoestehoje.com.br\/novoportal\/wp-json\/wp\/v2\/tags?post=102260"}],"curies":[{"name":"wp","href":"https:\/\/api.w.org\/{rel}","templated":true}]}}