
{"id":102233,"date":"2022-05-24T18:07:07","date_gmt":"2022-05-24T21:07:07","guid":{"rendered":"https:\/\/www.sudoestehoje.com.br\/novoportal\/?p=102233"},"modified":"2022-06-01T18:03:35","modified_gmt":"2022-06-01T21:03:35","slug":"pedro-tavares-faz-balanco-da-passagem-por-itapetinga-e-destaca-a-50a-exposicao","status":"publish","type":"post","link":"https:\/\/www.sudoestehoje.com.br\/novoportal\/2022\/05\/24\/pedro-tavares-faz-balanco-da-passagem-por-itapetinga-e-destaca-a-50a-exposicao\/","title":{"rendered":"PEDRO TAVARES FAZ BALAN\u00c7O DA PASSAGEM POR ITAPETINGA E DESTACA A 50\u00aa EXPOSI\u00c7\u00c3O"},"content":{"rendered":"<p><a href=\"https:\/\/www.sudoestehoje.com.br\/novoportal\/wp-content\/uploads\/2022\/05\/WhatsApp-Image-2022-05-24-at-17.58.49.jpeg\"><img loading=\"lazy\" decoding=\"async\" class=\"aligncenter size-medium wp-image-102235\" src=\"https:\/\/www.sudoestehoje.com.br\/novoportal\/wp-content\/uploads\/2022\/05\/WhatsApp-Image-2022-05-24-at-17.58.49-500x375.jpeg\" alt=\"\" width=\"500\" height=\"375\" srcset=\"https:\/\/www.sudoestehoje.com.br\/novoportal\/wp-content\/uploads\/2022\/05\/WhatsApp-Image-2022-05-24-at-17.58.49-500x375.jpeg 500w, https:\/\/www.sudoestehoje.com.br\/novoportal\/wp-content\/uploads\/2022\/05\/WhatsApp-Image-2022-05-24-at-17.58.49-700x525.jpeg 700w, https:\/\/www.sudoestehoje.com.br\/novoportal\/wp-content\/uploads\/2022\/05\/WhatsApp-Image-2022-05-24-at-17.58.49-768x576.jpeg 768w, https:\/\/www.sudoestehoje.com.br\/novoportal\/wp-content\/uploads\/2022\/05\/WhatsApp-Image-2022-05-24-at-17.58.49-1536x1152.jpeg 1536w, https:\/\/www.sudoestehoje.com.br\/novoportal\/wp-content\/uploads\/2022\/05\/WhatsApp-Image-2022-05-24-at-17.58.49.jpeg 1600w\" sizes=\"auto, (max-width: 500px) 100vw, 500px\" \/><\/a><br \/>\nO deputado estadual Pedro Tavares (Uni\u00e3o Brasil) ressaltou a sua passagem por Itapetinga e a participa\u00e7\u00e3o na 50a Exposi\u00e7\u00e3o Agropecu\u00e1ria. Tavares destacou a import\u00e2ncia do retorno do evento, ap\u00f3s dois anos de pandemia. Segundo ele, a feira tem grande relev\u00e2ncia para a economia e cultura local e regional.<\/p>\n<p>\u201cItapetinga estava h\u00e1 dois anos sem ter esse tradicional evento que tanto movimenta a cidade e a regi\u00e3o. Foi uma alegria estar presente e verificar de perto as novidades, visitar os stands, conversar com os expositores e mais uma vez comprovar a import\u00e2ncia dessa feira que \u00e9 essencial para os neg\u00f3cios do campo, para os produtores rurais, incrementando a economia regional, al\u00e9m de ser uma marca na cultura de Itapetinga\u201d, afirmou, parabenizando a todos os organizadores e expositores.<\/p>\n<p>O deputado permaneceu por dois dias na cidade. No primeiro dia, ele acompanhou a agenda de ACM Neto e no segundo dia aproveitou para ficar mais perto das pessoas, conversar e ouvir as demandas de Itapetinga, munic\u00edpio que ele tem uma forte liga\u00e7\u00e3o, com muitas rela\u00e7\u00f5es de amizade e parcerias de trabalho. <em>\/\/Ascom Pedro Tavares<\/em><\/p>\n","protected":false},"excerpt":{"rendered":"<p>O deputado estadual Pedro Tavares (Uni\u00e3o Brasil) ressaltou a sua passagem por Itapetinga e a participa\u00e7\u00e3o na 50a Exposi\u00e7\u00e3o Agropecu\u00e1ria. Tavares destacou a import\u00e2ncia do retorno do evento, ap\u00f3s dois anos de pandemia. Segundo ele, a feira tem grande relev\u00e2ncia para a economia e cultura local e regional. \u201cItapetinga estava h\u00e1 dois anos sem ter [&hellip;]<\/p>\n","protected":false},"author":2,"featured_media":102235,"comment_status":"closed","ping_status":"open","sticky":false,"template":"","format":"standard","meta":{"footnotes":"","_links_to":"","_links_to_target":""},"categories":[1],"tags":[],"class_list":["post-102233","post","type-post","status-publish","format-standard","has-post-thumbnail","hentry","category-geral"],"views":1040,"_links":{"self":[{"href":"https:\/\/www.sudoestehoje.com.br\/novoportal\/wp-json\/wp\/v2\/posts\/102233","targetHints":{"allow":["GET"]}}],"collection":[{"href":"https:\/\/www.sudoestehoje.com.br\/novoportal\/wp-json\/wp\/v2\/posts"}],"about":[{"href":"https:\/\/www.sudoestehoje.com.br\/novoportal\/wp-json\/wp\/v2\/types\/post"}],"author":[{"embeddable":true,"href":"https:\/\/www.sudoestehoje.com.br\/novoportal\/wp-json\/wp\/v2\/users\/2"}],"replies":[{"embeddable":true,"href":"https:\/\/www.sudoestehoje.com.br\/novoportal\/wp-json\/wp\/v2\/comments?post=102233"}],"version-history":[{"count":3,"href":"https:\/\/www.sudoestehoje.com.br\/novoportal\/wp-json\/wp\/v2\/posts\/102233\/revisions"}],"predecessor-version":[{"id":102380,"href":"https:\/\/www.sudoestehoje.com.br\/novoportal\/wp-json\/wp\/v2\/posts\/102233\/revisions\/102380"}],"wp:featuredmedia":[{"embeddable":true,"href":"https:\/\/www.sudoestehoje.com.br\/novoportal\/wp-json\/wp\/v2\/media\/102235"}],"wp:attachment":[{"href":"https:\/\/www.sudoestehoje.com.br\/novoportal\/wp-json\/wp\/v2\/media?parent=102233"}],"wp:term":[{"taxonomy":"category","embeddable":true,"href":"https:\/\/www.sudoestehoje.com.br\/novoportal\/wp-json\/wp\/v2\/categories?post=102233"},{"taxonomy":"post_tag","embeddable":true,"href":"https:\/\/www.sudoestehoje.com.br\/novoportal\/wp-json\/wp\/v2\/tags?post=102233"}],"curies":[{"name":"wp","href":"https:\/\/api.w.org\/{rel}","templated":true}]}}