
{"id":102214,"date":"2022-05-24T09:40:17","date_gmt":"2022-05-24T12:40:17","guid":{"rendered":"https:\/\/www.sudoestehoje.com.br\/novoportal\/?p=102214"},"modified":"2022-05-27T21:50:37","modified_gmt":"2022-05-28T00:50:37","slug":"itapetinga-stand-da-coopardo-foi-parada-obrigatoria-na-50a-exposicao-agropecuaria","status":"publish","type":"post","link":"https:\/\/www.sudoestehoje.com.br\/novoportal\/2022\/05\/24\/itapetinga-stand-da-coopardo-foi-parada-obrigatoria-na-50a-exposicao-agropecuaria\/","title":{"rendered":"ITAPETINGA | STAND DA COOPARDO FOI PARADA OBRIGAT\u00d3RIA NA 50\u00aa EXPOSI\u00c7\u00c3O AGROPECU\u00c1RIA"},"content":{"rendered":"<p><a href=\"https:\/\/www.sudoestehoje.com.br\/novoportal\/wp-content\/uploads\/2022\/05\/WhatsApp-Image-2022-05-24-at-09.24.26.jpeg\"><img loading=\"lazy\" decoding=\"async\" class=\"aligncenter size-medium wp-image-102221\" src=\"https:\/\/www.sudoestehoje.com.br\/novoportal\/wp-content\/uploads\/2022\/05\/WhatsApp-Image-2022-05-24-at-09.24.26-500x225.jpeg\" alt=\"\" width=\"500\" height=\"225\" srcset=\"https:\/\/www.sudoestehoje.com.br\/novoportal\/wp-content\/uploads\/2022\/05\/WhatsApp-Image-2022-05-24-at-09.24.26-500x225.jpeg 500w, https:\/\/www.sudoestehoje.com.br\/novoportal\/wp-content\/uploads\/2022\/05\/WhatsApp-Image-2022-05-24-at-09.24.26-700x315.jpeg 700w, https:\/\/www.sudoestehoje.com.br\/novoportal\/wp-content\/uploads\/2022\/05\/WhatsApp-Image-2022-05-24-at-09.24.26-768x346.jpeg 768w, https:\/\/www.sudoestehoje.com.br\/novoportal\/wp-content\/uploads\/2022\/05\/WhatsApp-Image-2022-05-24-at-09.24.26-1536x692.jpeg 1536w, https:\/\/www.sudoestehoje.com.br\/novoportal\/wp-content\/uploads\/2022\/05\/WhatsApp-Image-2022-05-24-at-09.24.26.jpeg 1600w\" sizes=\"auto, (max-width: 500px) 100vw, 500px\" \/><\/a><\/p>\n<p>Durante toda a Exposi\u00e7\u00e3o Agropecu\u00e1ria de Itapetinga, realizada entre os dias 13 e 22 de maio, o Stand da Coopardo se destacou como parada obrigat\u00f3ria para os pecuarista, expositores e visitantes, mantendo a tradi\u00e7\u00e3o das grandes exposi\u00e7\u00f5es do passado.<\/p>\n<p>Sob o comando do diretor presidente Alex Coelho, o stand foi bem frequentado pelos cooperados e suas fam\u00edlias, animados pelo forr\u00f3 gostoso de Ju\u00e1 da Bahia, artista itapetinguense renomado em toda a Bahia, garantindo o sucesso da festa.<\/p>\n<p><a href=\"https:\/\/www.sudoestehoje.com.br\/novoportal\/wp-content\/uploads\/2022\/05\/WhatsApp-Image-2022-05-24-at-09.24.29.jpeg\"><img loading=\"lazy\" decoding=\"async\" class=\"aligncenter size-medium wp-image-102217\" src=\"https:\/\/www.sudoestehoje.com.br\/novoportal\/wp-content\/uploads\/2022\/05\/WhatsApp-Image-2022-05-24-at-09.24.29-500x225.jpeg\" alt=\"\" width=\"500\" height=\"225\" srcset=\"https:\/\/www.sudoestehoje.com.br\/novoportal\/wp-content\/uploads\/2022\/05\/WhatsApp-Image-2022-05-24-at-09.24.29-500x225.jpeg 500w, https:\/\/www.sudoestehoje.com.br\/novoportal\/wp-content\/uploads\/2022\/05\/WhatsApp-Image-2022-05-24-at-09.24.29-700x315.jpeg 700w, https:\/\/www.sudoestehoje.com.br\/novoportal\/wp-content\/uploads\/2022\/05\/WhatsApp-Image-2022-05-24-at-09.24.29-768x346.jpeg 768w, https:\/\/www.sudoestehoje.com.br\/novoportal\/wp-content\/uploads\/2022\/05\/WhatsApp-Image-2022-05-24-at-09.24.29-1536x692.jpeg 1536w, https:\/\/www.sudoestehoje.com.br\/novoportal\/wp-content\/uploads\/2022\/05\/WhatsApp-Image-2022-05-24-at-09.24.29.jpeg 1600w\" sizes=\"auto, (max-width: 500px) 100vw, 500px\" \/><\/a><\/p>\n<p>Desde que assumiu o comando da Coopardo, como Diretor Presidente, Alex Coelho vem quebrando alguns para paradigmas, investindo na moderniza\u00e7\u00e3o e abertura da entidade, o que tem rendido bons frutos e reconhecimento do cooperados.<\/p>\n\n\t\t<style type=\"text\/css\">\n\t\t\t#gallery-1 {\n\t\t\t\tmargin: auto;\n\t\t\t}\n\t\t\t#gallery-1 .gallery-item {\n\t\t\t\tfloat: left;\n\t\t\t\tmargin-top: 10px;\n\t\t\t\ttext-align: center;\n\t\t\t\twidth: 33%;\n\t\t\t}\n\t\t\t#gallery-1 img {\n\t\t\t\tborder: 2px solid #cfcfcf;\n\t\t\t}\n\t\t\t#gallery-1 .gallery-caption {\n\t\t\t\tmargin-left: 0;\n\t\t\t}\n\t\t\t\/* see gallery_shortcode() in wp-includes\/media.php *\/\n\t\t<\/style>\n\t\t<div id='gallery-1' class='gallery galleryid-102214 gallery-columns-3 gallery-size-thumbnail'><dl class='gallery-item'>\n\t\t\t<dt class='gallery-icon landscape'>\n\t\t\t\t<a href='https:\/\/www.sudoestehoje.com.br\/novoportal\/2022\/05\/24\/itapetinga-stand-da-coopardo-foi-parada-obrigatoria-na-50a-exposicao-agropecuaria\/whatsapp-image-2022-05-24-at-09-24-28\/'><img loading=\"lazy\" decoding=\"async\" width=\"150\" height=\"150\" src=\"https:\/\/www.sudoestehoje.com.br\/novoportal\/wp-content\/uploads\/2022\/05\/WhatsApp-Image-2022-05-24-at-09.24.28-150x150.jpeg\" class=\"attachment-thumbnail size-thumbnail\" alt=\"\" \/><\/a>\n\t\t\t<\/dt><\/dl><dl class='gallery-item'>\n\t\t\t<dt class='gallery-icon landscape'>\n\t\t\t\t<a href='https:\/\/www.sudoestehoje.com.br\/novoportal\/2022\/05\/24\/itapetinga-stand-da-coopardo-foi-parada-obrigatoria-na-50a-exposicao-agropecuaria\/whatsapp-image-2022-05-24-at-09-24-27\/'><img loading=\"lazy\" decoding=\"async\" width=\"150\" height=\"150\" src=\"https:\/\/www.sudoestehoje.com.br\/novoportal\/wp-content\/uploads\/2022\/05\/WhatsApp-Image-2022-05-24-at-09.24.27-150x150.jpeg\" class=\"attachment-thumbnail size-thumbnail\" alt=\"\" \/><\/a>\n\t\t\t<\/dt><\/dl><dl class='gallery-item'>\n\t\t\t<dt class='gallery-icon landscape'>\n\t\t\t\t<a href='https:\/\/www.sudoestehoje.com.br\/novoportal\/2022\/05\/24\/itapetinga-stand-da-coopardo-foi-parada-obrigatoria-na-50a-exposicao-agropecuaria\/whatsapp-image-2022-05-24-at-09-24-28-1\/'><img loading=\"lazy\" decoding=\"async\" width=\"150\" height=\"150\" src=\"https:\/\/www.sudoestehoje.com.br\/novoportal\/wp-content\/uploads\/2022\/05\/WhatsApp-Image-2022-05-24-at-09.24.28-1-150x150.jpeg\" class=\"attachment-thumbnail size-thumbnail\" alt=\"\" \/><\/a>\n\t\t\t<\/dt><\/dl><br style=\"clear: both\" \/>\n\t\t<\/div>\n\n<p><strong><em>Por Davi Ferraz<\/em><\/strong><\/p>\n","protected":false},"excerpt":{"rendered":"<p>Durante toda a Exposi\u00e7\u00e3o Agropecu\u00e1ria de Itapetinga, realizada entre os dias 13 e 22 de maio, o Stand da Coopardo se destacou como parada obrigat\u00f3ria para os pecuarista, expositores e visitantes, mantendo a tradi\u00e7\u00e3o das grandes exposi\u00e7\u00f5es do passado. Sob o comando do diretor presidente Alex Coelho, o stand foi bem frequentado pelos cooperados e [&hellip;]<\/p>\n","protected":false},"author":2,"featured_media":102221,"comment_status":"closed","ping_status":"open","sticky":false,"template":"","format":"standard","meta":{"footnotes":"","_links_to":"","_links_to_target":""},"categories":[1],"tags":[],"class_list":["post-102214","post","type-post","status-publish","format-standard","has-post-thumbnail","hentry","category-geral"],"views":905,"_links":{"self":[{"href":"https:\/\/www.sudoestehoje.com.br\/novoportal\/wp-json\/wp\/v2\/posts\/102214","targetHints":{"allow":["GET"]}}],"collection":[{"href":"https:\/\/www.sudoestehoje.com.br\/novoportal\/wp-json\/wp\/v2\/posts"}],"about":[{"href":"https:\/\/www.sudoestehoje.com.br\/novoportal\/wp-json\/wp\/v2\/types\/post"}],"author":[{"embeddable":true,"href":"https:\/\/www.sudoestehoje.com.br\/novoportal\/wp-json\/wp\/v2\/users\/2"}],"replies":[{"embeddable":true,"href":"https:\/\/www.sudoestehoje.com.br\/novoportal\/wp-json\/wp\/v2\/comments?post=102214"}],"version-history":[{"count":4,"href":"https:\/\/www.sudoestehoje.com.br\/novoportal\/wp-json\/wp\/v2\/posts\/102214\/revisions"}],"predecessor-version":[{"id":102223,"href":"https:\/\/www.sudoestehoje.com.br\/novoportal\/wp-json\/wp\/v2\/posts\/102214\/revisions\/102223"}],"wp:featuredmedia":[{"embeddable":true,"href":"https:\/\/www.sudoestehoje.com.br\/novoportal\/wp-json\/wp\/v2\/media\/102221"}],"wp:attachment":[{"href":"https:\/\/www.sudoestehoje.com.br\/novoportal\/wp-json\/wp\/v2\/media?parent=102214"}],"wp:term":[{"taxonomy":"category","embeddable":true,"href":"https:\/\/www.sudoestehoje.com.br\/novoportal\/wp-json\/wp\/v2\/categories?post=102214"},{"taxonomy":"post_tag","embeddable":true,"href":"https:\/\/www.sudoestehoje.com.br\/novoportal\/wp-json\/wp\/v2\/tags?post=102214"}],"curies":[{"name":"wp","href":"https:\/\/api.w.org\/{rel}","templated":true}]}}