
{"id":102205,"date":"2022-05-23T12:42:12","date_gmt":"2022-05-23T15:42:12","guid":{"rendered":"https:\/\/www.sudoestehoje.com.br\/novoportal\/?p=102205"},"modified":"2022-05-27T21:51:07","modified_gmt":"2022-05-28T00:51:07","slug":"jua-da-bahia-confirmado-no-sao-joao-da-lagoa-2022-em-itapetinga","status":"publish","type":"post","link":"https:\/\/www.sudoestehoje.com.br\/novoportal\/2022\/05\/23\/jua-da-bahia-confirmado-no-sao-joao-da-lagoa-2022-em-itapetinga\/","title":{"rendered":"JU\u00c1 DA BAHIA CONFIRMADO NO S\u00c3O JO\u00c3O DA LAGOA 2022 EM ITAPETINGA"},"content":{"rendered":"<p><a href=\"https:\/\/www.sudoestehoje.com.br\/novoportal\/wp-content\/uploads\/2022\/05\/WhatsApp-Image-2022-05-23-at-12.40.28.jpeg\"><img loading=\"lazy\" decoding=\"async\" class=\"aligncenter size-medium wp-image-102207\" src=\"https:\/\/www.sudoestehoje.com.br\/novoportal\/wp-content\/uploads\/2022\/05\/WhatsApp-Image-2022-05-23-at-12.40.28-500x700.jpeg\" alt=\"\" width=\"500\" height=\"700\" srcset=\"https:\/\/www.sudoestehoje.com.br\/novoportal\/wp-content\/uploads\/2022\/05\/WhatsApp-Image-2022-05-23-at-12.40.28-500x700.jpeg 500w, https:\/\/www.sudoestehoje.com.br\/novoportal\/wp-content\/uploads\/2022\/05\/WhatsApp-Image-2022-05-23-at-12.40.28-642x900.jpeg 642w, https:\/\/www.sudoestehoje.com.br\/novoportal\/wp-content\/uploads\/2022\/05\/WhatsApp-Image-2022-05-23-at-12.40.28-768x1077.jpeg 768w, https:\/\/www.sudoestehoje.com.br\/novoportal\/wp-content\/uploads\/2022\/05\/WhatsApp-Image-2022-05-23-at-12.40.28.jpeg 913w\" sizes=\"auto, (max-width: 500px) 100vw, 500px\" \/><\/a><\/p>\n<p>A contrata\u00e7\u00e3o especial do maior forrozeiro da regi\u00e3o, Ju\u00e1 da Bahia, acaba de ser confirmada na grade oficial da prefeitura de Itapetinga, pelo prefeito Rodrigo Hagge e sua equipe.<\/p>\n<p>Ju\u00e1 \u00e9 o artista da terra mais conceituado e, tradicionalmente, participa de todos os eventos juninos na cidade e regi\u00e3o.<\/p>\n<p>O show do artista foi confirmado para o dia 26 de junho.<\/p>\n<p><strong><em>Por Davi Ferraz\u00a0<\/em><\/strong><\/p>\n","protected":false},"excerpt":{"rendered":"<p>A contrata\u00e7\u00e3o especial do maior forrozeiro da regi\u00e3o, Ju\u00e1 da Bahia, acaba de ser confirmada na grade oficial da prefeitura de Itapetinga, pelo prefeito Rodrigo Hagge e sua equipe. Ju\u00e1 \u00e9 o artista da terra mais conceituado e, tradicionalmente, participa de todos os eventos juninos na cidade e regi\u00e3o. O show do artista foi confirmado [&hellip;]<\/p>\n","protected":false},"author":2,"featured_media":102207,"comment_status":"closed","ping_status":"open","sticky":false,"template":"","format":"standard","meta":{"footnotes":"","_links_to":"","_links_to_target":""},"categories":[1],"tags":[],"class_list":["post-102205","post","type-post","status-publish","format-standard","has-post-thumbnail","hentry","category-geral"],"views":1154,"_links":{"self":[{"href":"https:\/\/www.sudoestehoje.com.br\/novoportal\/wp-json\/wp\/v2\/posts\/102205","targetHints":{"allow":["GET"]}}],"collection":[{"href":"https:\/\/www.sudoestehoje.com.br\/novoportal\/wp-json\/wp\/v2\/posts"}],"about":[{"href":"https:\/\/www.sudoestehoje.com.br\/novoportal\/wp-json\/wp\/v2\/types\/post"}],"author":[{"embeddable":true,"href":"https:\/\/www.sudoestehoje.com.br\/novoportal\/wp-json\/wp\/v2\/users\/2"}],"replies":[{"embeddable":true,"href":"https:\/\/www.sudoestehoje.com.br\/novoportal\/wp-json\/wp\/v2\/comments?post=102205"}],"version-history":[{"count":2,"href":"https:\/\/www.sudoestehoje.com.br\/novoportal\/wp-json\/wp\/v2\/posts\/102205\/revisions"}],"predecessor-version":[{"id":102208,"href":"https:\/\/www.sudoestehoje.com.br\/novoportal\/wp-json\/wp\/v2\/posts\/102205\/revisions\/102208"}],"wp:featuredmedia":[{"embeddable":true,"href":"https:\/\/www.sudoestehoje.com.br\/novoportal\/wp-json\/wp\/v2\/media\/102207"}],"wp:attachment":[{"href":"https:\/\/www.sudoestehoje.com.br\/novoportal\/wp-json\/wp\/v2\/media?parent=102205"}],"wp:term":[{"taxonomy":"category","embeddable":true,"href":"https:\/\/www.sudoestehoje.com.br\/novoportal\/wp-json\/wp\/v2\/categories?post=102205"},{"taxonomy":"post_tag","embeddable":true,"href":"https:\/\/www.sudoestehoje.com.br\/novoportal\/wp-json\/wp\/v2\/tags?post=102205"}],"curies":[{"name":"wp","href":"https:\/\/api.w.org\/{rel}","templated":true}]}}